{"id":823,"date":"2015-10-16T10:35:16","date_gmt":"2015-10-16T09:35:16","guid":{"rendered":"https:\/\/www.abidcars.com\/blog\/?p=823"},"modified":"2015-10-26T13:25:11","modified_gmt":"2015-10-26T12:25:11","slug":"grand-tour-du-maroc","status":"publish","type":"post","link":"https:\/\/www.abidcars.com\/blog\/grand-tour-du-maroc\/","title":{"rendered":"Roadtrip : le grand tour du Maroc"},"content":{"rendered":"<p style=\"text-align: justify;\"><span style=\"font-weight: 400;\">Vous envisagez de visiter le Maroc, mais vous ne savez pas d\u2019o\u00f9 commencer ? Cet itin\u00e9raire vous donnera la chance de combiner les glorieuses villes imp\u00e9riales de F\u00e8s, Rabat, Mekn\u00e8s et Marrakech avec la diversit\u00e9 des paysages du Maroc : des collines et des for\u00eats de c\u00e8dres du Moyen-Atlas aux vastes \u00e9tendues de sable du Sahara.<\/span><\/p>\n<p style=\"text-align: justify;\"><a href=\"https:\/\/www.abidcars.com\/blog\/wp-content\/uploads\/2015\/10\/Mar-Map.jpg\"><img loading=\"lazy\" decoding=\"async\" class=\"aligncenter wp-image-827\" src=\"https:\/\/www.abidcars.com\/blog\/wp-content\/uploads\/2015\/10\/Mar-Map.jpg\" alt=\"Mar-Map\" width=\"520\" height=\"483\" srcset=\"https:\/\/www.abidcars.com\/blog\/wp-content\/uploads\/2015\/10\/Mar-Map.jpg 700w, https:\/\/www.abidcars.com\/blog\/wp-content\/uploads\/2015\/10\/Mar-Map-300x279.jpg 300w\" sizes=\"auto, (max-width: 520px) 100vw, 520px\" \/><\/a><\/p>\n<h2 style=\"text-align: justify;\"><span style=\"color: #800000;\"><b>Jour 1 : Arriv\u00e9e \u00e0 Casablanca<\/b><\/span><\/h2>\n<p style=\"text-align: justify;\"><span style=\"font-weight: 400;\">Si vous faites une <a href=\"https:\/\/www.abidcars.com\/blog\/reserver-votre-voiture-de-location-a-lavance\/\" target=\"_blank\">r\u00e9servation \u00e0 l\u2019avance<\/a>, vous serez attendus par un de nos agents \u00e0 votre arriv\u00e9e \u00e0 <a href=\"https:\/\/www.abidcars.com\/blog\/aeroport-international-mohammed-v-casablanca\/\" target=\"_blank\">l\u2019a\u00e9roport Mohammed V de Casablanca<\/a>. Il vous livrera la voiture que vous avez r\u00e9serv\u00e9e. De cette mani\u00e8re, vous pourrez commencer votre tour du Maroc imm\u00e9diatement ! <\/span><\/p>\n<p style=\"text-align: justify;\"><span style=\"font-weight: 400;\">Conduisez votre voiture de location pour partir voir certains des sites de Casablanca, en particulier la mosqu\u00e9e Hassan II avec le plus haut minaret au monde.<\/span><\/p>\n<p style=\"text-align: justify;\"><a href=\"https:\/\/www.abidcars.com\/blog\/wp-content\/uploads\/2015\/10\/hassan-ii-mosque-in-casablanca_412.jpg\"><img loading=\"lazy\" decoding=\"async\" class=\"aligncenter size-full wp-image-828\" src=\"https:\/\/www.abidcars.com\/blog\/wp-content\/uploads\/2015\/10\/hassan-ii-mosque-in-casablanca_412.jpg\" alt=\"mosque hassan 2\" width=\"500\" height=\"379\" srcset=\"https:\/\/www.abidcars.com\/blog\/wp-content\/uploads\/2015\/10\/hassan-ii-mosque-in-casablanca_412.jpg 500w, https:\/\/www.abidcars.com\/blog\/wp-content\/uploads\/2015\/10\/hassan-ii-mosque-in-casablanca_412-300x227.jpg 300w\" sizes=\"auto, (max-width: 500px) 100vw, 500px\" \/><\/a><\/p>\n<p style=\"text-align: justify;\"><span style=\"font-weight: 400;\">Jetez un oeil sur la m\u00e9dina, prenez un caf\u00e9 \u00e0 la corniche A\u00efn Diab, et si vous \u00eates un fan du film l\u00e9gendaire \u201cCasablanca\u201d, une visite au fameux Rick\u2019s Caf\u00e9 est un must.<\/span><\/p>\n<h2 style=\"text-align: justify;\"><span style=\"color: #800000;\"><b>Jour 2 : Rabat | Mekn\u00e8s<\/b><\/span><\/h2>\n<p style=\"text-align: justify;\"><span style=\"font-weight: 400;\">Conduisez votre voiture de location vers Rabat, la capitale du Maroc. Elle se trouve \u00e0 90 Km au nord de Casablanca, \u00e0 environ 1 heure 30 minutes de route.<\/span><\/p>\n<p style=\"text-align: justify;\"><a href=\"https:\/\/www.abidcars.com\/blog\/wp-content\/uploads\/2015\/10\/rabat-1.jpg\"><img loading=\"lazy\" decoding=\"async\" class=\"aligncenter wp-image-830\" src=\"https:\/\/www.abidcars.com\/blog\/wp-content\/uploads\/2015\/10\/rabat-1.jpg\" alt=\"rabat (1)\" width=\"441\" height=\"330\" srcset=\"https:\/\/www.abidcars.com\/blog\/wp-content\/uploads\/2015\/10\/rabat-1.jpg 2048w, https:\/\/www.abidcars.com\/blog\/wp-content\/uploads\/2015\/10\/rabat-1-200x150.jpg 200w, https:\/\/www.abidcars.com\/blog\/wp-content\/uploads\/2015\/10\/rabat-1-300x225.jpg 300w, https:\/\/www.abidcars.com\/blog\/wp-content\/uploads\/2015\/10\/rabat-1-1024x768.jpg 1024w\" sizes=\"auto, (max-width: 441px) 100vw, 441px\" \/><\/a><\/p>\n<p style=\"text-align: justify;\"><span style=\"font-weight: 400;\">Les attractions \u00e0 ne pas rater lors d\u2019une visite \u00e0 cette ville imp\u00e9riale sont : la tour Hassan, le mausol\u00e9e de Mohammed V, la m\u00e9dina, la Casbah des Oudayas et la n\u00e9cropole romaine de Chellah.<\/span><\/p>\n<p style=\"text-align: justify;\"><span style=\"font-weight: 400;\">Continuez vers Mekn\u00e8s, une ville imp\u00e9riale qui n\u2019est pas trop visit\u00e9e. Elle a \u00e9t\u00e9 construite par le sultan Moulay Isma\u00efl pour \u00eatre le \u201cVersailles du Maroc\u201d. Mekn\u00e8s est n\u00e9glig\u00e9e par de nombreux voyageurs, mais si vous faites un tour, vous ne le regretterez pas, car il y a autant de charmes \u00e0 d\u00e9couvrir comme : Le Heri de Souani, o\u00f9 Moulay Isma\u00efl stockait des c\u00e9r\u00e9ales et du foin pour nourrir ses 12.000 chevaux royaux ; son tombeau tranquille, qu&rsquo;il avait construit pendant son r\u00e8gne pour s\u2019assurer qu&rsquo;il serait \u00e9gal \u00e0 la gloire de sa ville imp\u00e9riale ; et le Bab Al Mansour, l&rsquo;une des plus fabuleuses portes du Maroc.<\/span><\/p>\n<p style=\"text-align: justify;\"><a href=\"https:\/\/www.abidcars.com\/blog\/wp-content\/uploads\/2015\/10\/morocco-meknes-bab-al-mansour.jpg\"><img loading=\"lazy\" decoding=\"async\" class=\"aligncenter wp-image-831\" src=\"https:\/\/www.abidcars.com\/blog\/wp-content\/uploads\/2015\/10\/morocco-meknes-bab-al-mansour.jpg\" alt=\"bab-al-mansour\" width=\"448\" height=\"292\" srcset=\"https:\/\/www.abidcars.com\/blog\/wp-content\/uploads\/2015\/10\/morocco-meknes-bab-al-mansour.jpg 630w, https:\/\/www.abidcars.com\/blog\/wp-content\/uploads\/2015\/10\/morocco-meknes-bab-al-mansour-300x196.jpg 300w\" sizes=\"auto, (max-width: 448px) 100vw, 448px\" \/><\/a><\/p>\n<p style=\"text-align: justify;\"><span style=\"font-weight: 400;\">Volubilis, votre prochain arr\u00eat, est le site des ruines romaines les plus impressionnantes au Maroc. \u00c9tant autrefois une ville de province en plein essor, un peu d&rsquo;imagination suffit pour voir les pl\u00e9b\u00e9iens et les s\u00e9nateurs habill\u00e9s en toge remplissent ses rues.<\/span><\/p>\n<p style=\"text-align: justify;\"><a href=\"https:\/\/www.abidcars.com\/blog\/wp-content\/uploads\/2015\/10\/maroc-volubilis-3.jpg\"><img loading=\"lazy\" decoding=\"async\" class=\"aligncenter wp-image-832\" src=\"https:\/\/www.abidcars.com\/blog\/wp-content\/uploads\/2015\/10\/maroc-volubilis-3.jpg\" alt=\"volubilis\" width=\"466\" height=\"288\" srcset=\"https:\/\/www.abidcars.com\/blog\/wp-content\/uploads\/2015\/10\/maroc-volubilis-3.jpg 1024w, https:\/\/www.abidcars.com\/blog\/wp-content\/uploads\/2015\/10\/maroc-volubilis-3-300x185.jpg 300w\" sizes=\"auto, (max-width: 466px) 100vw, 466px\" \/><\/a><\/p>\n<p style=\"text-align: justify;\"><span style=\"font-weight: 400;\">Continuez vers F\u00e8s, le centre historique des arts et des sciences au Maroc, o\u00f9 vous passerez la nuit.<\/span><\/p>\n<h2 style=\"text-align: justify;\"><span style=\"color: #800000;\"><b>Jour 3 : F\u00e8s<\/b><\/span><\/h2>\n<p style=\"text-align: justify;\"><a href=\"https:\/\/www.abidcars.com\/blog\/wp-content\/uploads\/2015\/10\/f\u00e8s.png\"><img loading=\"lazy\" decoding=\"async\" class=\"aligncenter wp-image-833\" src=\"https:\/\/www.abidcars.com\/blog\/wp-content\/uploads\/2015\/10\/f\u00e8s.png\" alt=\"f\u00e8s\" width=\"660\" height=\"233\" srcset=\"https:\/\/www.abidcars.com\/blog\/wp-content\/uploads\/2015\/10\/f\u00e8s.png 876w, https:\/\/www.abidcars.com\/blog\/wp-content\/uploads\/2015\/10\/f\u00e8s-300x106.png 300w\" sizes=\"auto, (max-width: 660px) 100vw, 660px\" \/><\/a><\/p>\n<p style=\"text-align: justify;\"><span style=\"font-weight: 400;\">F\u00e8s est une bo\u00eete \u00e0 bijoux pleine de d\u00e9lices exotiques. Si vous avez peur de se perdre lors de votre promenade dans le labyrinthe de ruelles de la m\u00e9dina, qui est class\u00e9e au patrimoine mondial de l&rsquo;UNESCO, vous pouvez toujours engager un guide local qui peut vous montrer les parties les plus sp\u00e9ciales de la ville, y compris le Fondouk Nejjarine, les tanneries et les divers souks d&rsquo;artisanat. D&rsquo;autres sites d&rsquo;int\u00e9r\u00eat \u00e0 F\u00e8s sont le Palais Royal, le Mellah (quartier juif), le complexe de poterie, et le Mus\u00e9e Batha.<\/span><\/p>\n<h2 style=\"text-align: justify;\"><span style=\"color: #800000;\"><b>Jour 4 : Ifrane | Vall\u00e9e de Ziz | Erfoud<\/b><\/span><\/h2>\n<p style=\"text-align: justify;\"><span style=\"font-weight: 400;\">Quittez F\u00e8s le matin pour Ifrane avant de continuer vers Midelt. En route, vous aurez l&rsquo;occasion de visiter la vall\u00e9e de Ziz, le plus grand producteur de dattes au Maroc. Si vous regardez bien, vous verrez que les palmiers ne sont pas tous hauts; la hauteur d\u00e9pend de la vari\u00e9t\u00e9, dont il existe 283 reconnues et cultiv\u00e9es dans le pays &#8211; le type de datte le plus d\u00e9licieux (et le plus co\u00fbteux) est le Mejhoul.<\/span><\/p>\n<p style=\"text-align: justify;\"><a href=\"https:\/\/www.abidcars.com\/blog\/wp-content\/uploads\/2015\/10\/ziz.jpg\"><img loading=\"lazy\" decoding=\"async\" class=\"aligncenter wp-image-835\" src=\"https:\/\/www.abidcars.com\/blog\/wp-content\/uploads\/2015\/10\/ziz.jpg\" alt=\"ziz\" width=\"510\" height=\"340\" srcset=\"https:\/\/www.abidcars.com\/blog\/wp-content\/uploads\/2015\/10\/ziz.jpg 700w, https:\/\/www.abidcars.com\/blog\/wp-content\/uploads\/2015\/10\/ziz-300x200.jpg 300w\" sizes=\"auto, (max-width: 510px) 100vw, 510px\" \/><\/a><\/p>\n<p style=\"text-align: justify;\"><span style=\"font-weight: 400;\">Vous pouvez faire une courte promenade \u00e0 travers les palmiers dattiers et les fermes qui entourent ce petit village. Ensuite, continuez vers Erfoud pour la nuit.<\/span><\/p>\n<h2 style=\"text-align: justify;\"><b><span style=\"color: #800000;\">Jour 5 : D\u00e9sert du Sahara (Erg Chebbi)<\/span><\/b><\/h2>\n<p style=\"text-align: justify;\"><span style=\"font-weight: 400;\">Ce matin, conduisez en direction du sud vers Merzouga, la passerelle vers les dunes dor\u00e9es du d\u00e9sert du Sahara. Choisissez votre chameau qui vous emm\u00e8nera dans les mers de sable. Vous aurez la chance d\u2019appr\u00e9cier le coucher de soleil sur les dunes sahariennes. Votre logement pour la nuit sera une tente de style b\u00e9douin dans un espace priv\u00e9 de tentes, avec des lits, des couvertures et des draps, ainsi que des tapis marocains couvrant le sable et des WC de style occidental. Vous pouvez \u00e9galement choisir de passer la nuit dans des tentes de luxe (chaque tente ayant sa propre douche avec de l&rsquo;eau chaude, un lavabo, et un WC occidental). Une nuit des mille et une nuits sous les \u00e9toiles du d\u00e9sert!!<\/span><\/p>\n<p style=\"text-align: justify;\"><a href=\"https:\/\/www.abidcars.com\/blog\/wp-content\/uploads\/2015\/10\/erg-chebbi.jpg\"><img loading=\"lazy\" decoding=\"async\" class=\"aligncenter wp-image-836\" src=\"https:\/\/www.abidcars.com\/blog\/wp-content\/uploads\/2015\/10\/erg-chebbi.jpg\" alt=\"erg chebbi\" width=\"600\" height=\"375\" srcset=\"https:\/\/www.abidcars.com\/blog\/wp-content\/uploads\/2015\/10\/erg-chebbi.jpg 1920w, https:\/\/www.abidcars.com\/blog\/wp-content\/uploads\/2015\/10\/erg-chebbi-300x188.jpg 300w, https:\/\/www.abidcars.com\/blog\/wp-content\/uploads\/2015\/10\/erg-chebbi-1024x640.jpg 1024w\" sizes=\"auto, (max-width: 600px) 100vw, 600px\" \/><\/a><\/p>\n<h2 style=\"text-align: justify;\"><span style=\"color: #800000;\"><b>Jour 6 : Tinjedad | Skoura (Vall\u00e9e des Casbahs)<\/b><\/span><\/h2>\n<p style=\"text-align: justify;\"><span style=\"font-weight: 400;\">Ce matin, levez-vous t\u00f4t pour voir le beau lever du soleil. N\u2019oubliez pas de prendre quelques photos avant de remonter sur votre chameau pour le court trajet de retour \u00e0 l&rsquo;h\u00f4tel. Apr\u00e8s votre petit d\u00e9jeuner, prenez la route pour Rissani o\u00f9 vous pourrez admirer les c\u00e9l\u00e8bres fossiles datant d\u2019environ 380 millions d&rsquo;ann\u00e9es!<\/span><\/p>\n<p style=\"text-align: justify;\"><a href=\"https:\/\/www.abidcars.com\/blog\/wp-content\/uploads\/2015\/10\/tinejdad.jpg\"><img loading=\"lazy\" decoding=\"async\" class=\"aligncenter size-full wp-image-839\" src=\"https:\/\/www.abidcars.com\/blog\/wp-content\/uploads\/2015\/10\/tinejdad.jpg\" alt=\"tinejdad\" width=\"480\" height=\"300\" srcset=\"https:\/\/www.abidcars.com\/blog\/wp-content\/uploads\/2015\/10\/tinejdad.jpg 480w, https:\/\/www.abidcars.com\/blog\/wp-content\/uploads\/2015\/10\/tinejdad-300x188.jpg 300w\" sizes=\"auto, (max-width: 480px) 100vw, 480px\" \/><\/a><\/p>\n<p style=\"text-align: justify;\"><span style=\"font-weight: 400;\">Ensuite, conduisez votre voiture de location vers Tinjedad pour le d\u00e9jeuner \u00e0 un ksar extraordinaire (un village enti\u00e8rement mur\u00e9) o\u00f9 vous pouvez \u00e9galement visiter un mus\u00e9e culturel berb\u00e8re et m\u00eame profiter d&rsquo;une promenade dans l&rsquo;oasis. Continuez ensuite vers Skoura, connue comme la vall\u00e9e des Casbahs.<\/span><\/p>\n<h2 style=\"text-align: justify;\"><span style=\"color: #800000;\"><b>Jour 7 : Ouarzazate | A\u00eft Ben Haddou | Marrakech<\/b><\/span><\/h2>\n<p style=\"text-align: justify;\"><span style=\"font-weight: 400;\">Quittez Skoura et conduisez vers Ouarzazate, le foyer de la Casbah Taourirt, l&rsquo;un des bastions de la famille Glaoui qui r\u00e9gnait autrefois sur le sud du Maroc. Vous pouvez ensuite faire votre chemin vers A\u00eft Ben Haddou, un site class\u00e9 au patrimoine mondial de l&rsquo;UNESCO. Ne soyez pas surpris si vous vous sentez comme si vous entrez dans un autre monde, plus ancien, puisque la Casbah a \u00e9t\u00e9 le lieu de tournage de nombreux films historiques, y compris Lawrence d&rsquo;Arabie, La Derni\u00e8re Tentation du Christ et Gladiator.<\/span><\/p>\n<p style=\"text-align: justify;\"><a href=\"https:\/\/www.abidcars.com\/blog\/wp-content\/uploads\/2015\/10\/Ait-Ben-Haddou-Marocco.jpg\"><img loading=\"lazy\" decoding=\"async\" class=\"aligncenter wp-image-838\" src=\"https:\/\/www.abidcars.com\/blog\/wp-content\/uploads\/2015\/10\/Ait-Ben-Haddou-Marocco.jpg\" alt=\"Ait-Ben-Haddou-Marocco\" width=\"558\" height=\"372\" srcset=\"https:\/\/www.abidcars.com\/blog\/wp-content\/uploads\/2015\/10\/Ait-Ben-Haddou-Marocco.jpg 1200w, https:\/\/www.abidcars.com\/blog\/wp-content\/uploads\/2015\/10\/Ait-Ben-Haddou-Marocco-300x200.jpg 300w, https:\/\/www.abidcars.com\/blog\/wp-content\/uploads\/2015\/10\/Ait-Ben-Haddou-Marocco-1024x683.jpg 1024w\" sizes=\"auto, (max-width: 558px) 100vw, 558px\" \/><\/a><\/p>\n<p style=\"text-align: justify;\"><span style=\"font-weight: 400;\">On dit qu&rsquo;il y a environ 340 virages sur le col de Tizi n Tichka. Cette \u00e9tonnante route en zigzag de 2,260m d\u2019altitude a remplac\u00e9 l&rsquo;ancienne route des caravanes de chameaux sur leur p\u00e9nible voyage de Tombouctou \u00e0 Marrakech, portant l\u2019or, les \u00e9pices et les esclaves. Traversez le col Tizi n Tichka dans les montagnes du Haut-Atlas, pour arriver \u00e0 Marrakech.<\/span><\/p>\n<p style=\"text-align: justify;\"><a href=\"https:\/\/www.abidcars.com\/blog\/wp-content\/uploads\/2015\/10\/tizi-n-tichka.jpg\"><img loading=\"lazy\" decoding=\"async\" class=\"aligncenter wp-image-840\" src=\"https:\/\/www.abidcars.com\/blog\/wp-content\/uploads\/2015\/10\/tizi-n-tichka.jpg\" alt=\"tizi n tichka\" width=\"406\" height=\"541\" srcset=\"https:\/\/www.abidcars.com\/blog\/wp-content\/uploads\/2015\/10\/tizi-n-tichka.jpg 600w, https:\/\/www.abidcars.com\/blog\/wp-content\/uploads\/2015\/10\/tizi-n-tichka-225x300.jpg 225w\" sizes=\"auto, (max-width: 406px) 100vw, 406px\" \/><\/a><\/p>\n<h2 style=\"text-align: justify;\"><span style=\"color: #800000;\"><b>Jours 8 et 9 : Marrakech<\/b><\/span><\/h2>\n<p style=\"text-align: justify;\"><span style=\"font-weight: 400;\">Commencez par visiter Djemaa el-Fna et dirigez-vous vers le nord dans le labyrinthe des souks de Marrakech, o\u00f9 les tribus berb\u00e8res d\u2019autrefois commercialisaient les esclaves, l&rsquo;or, l&rsquo;ivoire et le cuir et o\u00f9 les touristes modernes parcourent les all\u00e9es encombr\u00e9es pour profiter des bonnes affaires de tapis et de babouches. <\/span><\/p>\n<p style=\"text-align: justify;\"><a href=\"https:\/\/www.abidcars.com\/blog\/wp-content\/uploads\/2015\/10\/marrakech.jpg\"><img loading=\"lazy\" decoding=\"async\" class=\"aligncenter wp-image-841\" src=\"https:\/\/www.abidcars.com\/blog\/wp-content\/uploads\/2015\/10\/marrakech.jpg\" alt=\"marrakech\" width=\"577\" height=\"367\" srcset=\"https:\/\/www.abidcars.com\/blog\/wp-content\/uploads\/2015\/10\/marrakech.jpg 1600w, https:\/\/www.abidcars.com\/blog\/wp-content\/uploads\/2015\/10\/marrakech-300x191.jpg 300w, https:\/\/www.abidcars.com\/blog\/wp-content\/uploads\/2015\/10\/marrakech-1024x652.jpg 1024w\" sizes=\"auto, (max-width: 577px) 100vw, 577px\" \/><\/a><\/p>\n<p style=\"text-align: justify;\"><span style=\"font-weight: 400;\">Les endroits incontournables de Marrakech : les Jardins de Majorelle, la mosqu\u00e9e Koutoubia, les tombeaux Sa\u00e2diens, le Palais de Bahia, le Mus\u00e9e de Marrakech, le jardin de la M\u00e9nara, le Mus\u00e9e Dar Si-Sa\u00efd et la M\u00e9dersa Ben-Youssef.<\/span><\/p>\n<p style=\"text-align: justify;\"><span style=\"font-weight: 400;\">Passez la nuit dans un riad traditionnel est une bonne fa\u00e7on pour finir votre voyage.<\/span><\/p>\n<h2 style=\"text-align: justify;\"><span style=\"color: #800000;\"><b>Jour 10 : D\u00e9part<\/b><\/span><\/h2>\n<p style=\"text-align: justify;\"><span style=\"font-weight: 400;\">Quittez Marrakech en direction de\u00a0Casablanca. C\u2019est un trajet d\u2019environ 4 heures. Assurez-vous d\u2019arriver \u00e0 l\u2019A\u00e9roport Mohammed V au moins deux heures avant votre vol.<\/span><\/p>\n<p style=\"text-align: justify;\"><span style=\"font-weight: 400;\">Vous pouvez remettre votre voiture de location \u00e0 notre agence ou bien \u00e0 un de nos agents \u00e0 l\u2019a\u00e9roport.<\/span><\/p>\n<p style=\"text-align: justify;\"><span style=\"font-weight: 400;\">Alors qu&rsquo;attendez-vous ? <a href=\"http:\/\/abidcars.com\/location-de-voiture-a-casablanca\" target=\"_blank\">Louez une voiture<\/a>\u00a0et commencez votre aventure ! Bon voyage !<\/span><\/p>\n","protected":false},"excerpt":{"rendered":"<p>Vous envisagez de visiter le Maroc, mais vous ne savez pas d\u2019o\u00f9 [&hellip;]<\/p>\n","protected":false},"author":4,"featured_media":826,"comment_status":"open","ping_status":"open","sticky":false,"template":"","format":"standard","meta":{"footnotes":""},"categories":[97,62,26,2,45,98,22],"tags":[],"class_list":["post-823","post","type-post","status-publish","format-standard","has-post-thumbnail","hentry","category-casablanca","category-desert","category-fes","category-fr","category-maroc","category-marrakech","category-rabat"],"yoast_head":"<!-- This site is optimized with the Yoast SEO plugin v27.4 - https:\/\/yoast.com\/product\/yoast-seo-wordpress\/ -->\n<title>Roadtrip : le grand tour du Maroc - Abid Cars Blog<\/title>\n<meta name=\"description\" content=\"Vous envisagez de visiter le Maroc mais vous ne savez pas d\u2019o\u00f9 commencer? Cet itin\u00e9raire vous donnera la chance de combiner les glorieuses villes ...\" \/>\n<meta name=\"robots\" content=\"index, follow, max-snippet:-1, max-image-preview:large, max-video-preview:-1\" \/>\n<link rel=\"canonical\" href=\"https:\/\/www.abidcars.com\/blog\/grand-tour-du-maroc\/\" \/>\n<meta property=\"og:locale\" content=\"fr_FR\" \/>\n<meta property=\"og:type\" content=\"article\" \/>\n<meta property=\"og:title\" content=\"Roadtrip : le grand tour du Maroc - Abid Cars Blog\" \/>\n<meta property=\"og:description\" content=\"Vous envisagez de visiter le Maroc mais vous ne savez pas d\u2019o\u00f9 commencer? Cet itin\u00e9raire vous donnera la chance de combiner les glorieuses villes ...\" \/>\n<meta property=\"og:url\" content=\"https:\/\/www.abidcars.com\/blog\/grand-tour-du-maroc\/\" \/>\n<meta property=\"og:site_name\" content=\"Abid Cars Blog\" \/>\n<meta property=\"article:publisher\" content=\"https:\/\/www.facebook.com\/pages\/Abid-Cars-Location-de-voitures-au-Maroc-Car-rental-in-Morocco\/413704925369982\" \/>\n<meta property=\"article:published_time\" content=\"2015-10-16T09:35:16+00:00\" \/>\n<meta property=\"article:modified_time\" content=\"2015-10-26T12:25:11+00:00\" \/>\n<meta property=\"og:image\" content=\"https:\/\/www.abidcars.com\/blog\/wp-content\/uploads\/2015\/10\/maroc.jpg\" \/>\n\t<meta property=\"og:image:width\" content=\"1440\" \/>\n\t<meta property=\"og:image:height\" content=\"720\" \/>\n\t<meta property=\"og:image:type\" content=\"image\/jpeg\" \/>\n<meta name=\"author\" content=\"Mariam\" \/>\n<meta name=\"twitter:card\" content=\"summary_large_image\" \/>\n<meta name=\"twitter:creator\" content=\"@ABIDCARS\" \/>\n<meta name=\"twitter:site\" content=\"@ABIDCARS\" \/>\n<meta name=\"twitter:label1\" content=\"\u00c9crit par\" \/>\n\t<meta name=\"twitter:data1\" content=\"Mariam\" \/>\n\t<meta name=\"twitter:label2\" content=\"Dur\u00e9e de lecture estim\u00e9e\" \/>\n\t<meta name=\"twitter:data2\" content=\"6 minutes\" \/>\n<script type=\"application\/ld+json\" class=\"yoast-schema-graph\">{\"@context\":\"https:\\\/\\\/schema.org\",\"@graph\":[{\"@type\":\"Article\",\"@id\":\"https:\\\/\\\/www.abidcars.com\\\/blog\\\/grand-tour-du-maroc\\\/#article\",\"isPartOf\":{\"@id\":\"https:\\\/\\\/www.abidcars.com\\\/blog\\\/grand-tour-du-maroc\\\/\"},\"author\":{\"name\":\"Mariam\",\"@id\":\"https:\\\/\\\/www.abidcars.com\\\/blog\\\/#\\\/schema\\\/person\\\/fcbbcbcc98a6e3007072f0bec6e75937\"},\"headline\":\"Roadtrip : le grand tour du Maroc\",\"datePublished\":\"2015-10-16T09:35:16+00:00\",\"dateModified\":\"2015-10-26T12:25:11+00:00\",\"mainEntityOfPage\":{\"@id\":\"https:\\\/\\\/www.abidcars.com\\\/blog\\\/grand-tour-du-maroc\\\/\"},\"wordCount\":1253,\"commentCount\":2,\"publisher\":{\"@id\":\"https:\\\/\\\/www.abidcars.com\\\/blog\\\/#organization\"},\"image\":{\"@id\":\"https:\\\/\\\/www.abidcars.com\\\/blog\\\/grand-tour-du-maroc\\\/#primaryimage\"},\"thumbnailUrl\":\"https:\\\/\\\/www.abidcars.com\\\/blog\\\/wp-content\\\/uploads\\\/2015\\\/10\\\/maroc.jpg\",\"articleSection\":[\"Casablanca\",\"Desert\",\"F\u00e8s\",\"Fran\u00e7ais\",\"Maroc\",\"Marrakech\",\"Rabat\"],\"inLanguage\":\"fr-FR\",\"potentialAction\":[{\"@type\":\"CommentAction\",\"name\":\"Comment\",\"target\":[\"https:\\\/\\\/www.abidcars.com\\\/blog\\\/grand-tour-du-maroc\\\/#respond\"]}]},{\"@type\":\"WebPage\",\"@id\":\"https:\\\/\\\/www.abidcars.com\\\/blog\\\/grand-tour-du-maroc\\\/\",\"url\":\"https:\\\/\\\/www.abidcars.com\\\/blog\\\/grand-tour-du-maroc\\\/\",\"name\":\"Roadtrip : le grand tour du Maroc - Abid Cars Blog\",\"isPartOf\":{\"@id\":\"https:\\\/\\\/www.abidcars.com\\\/blog\\\/#website\"},\"primaryImageOfPage\":{\"@id\":\"https:\\\/\\\/www.abidcars.com\\\/blog\\\/grand-tour-du-maroc\\\/#primaryimage\"},\"image\":{\"@id\":\"https:\\\/\\\/www.abidcars.com\\\/blog\\\/grand-tour-du-maroc\\\/#primaryimage\"},\"thumbnailUrl\":\"https:\\\/\\\/www.abidcars.com\\\/blog\\\/wp-content\\\/uploads\\\/2015\\\/10\\\/maroc.jpg\",\"datePublished\":\"2015-10-16T09:35:16+00:00\",\"dateModified\":\"2015-10-26T12:25:11+00:00\",\"description\":\"Vous envisagez de visiter le Maroc mais vous ne savez pas d\u2019o\u00f9 commencer? Cet itin\u00e9raire vous donnera la chance de combiner les glorieuses villes ...\",\"breadcrumb\":{\"@id\":\"https:\\\/\\\/www.abidcars.com\\\/blog\\\/grand-tour-du-maroc\\\/#breadcrumb\"},\"inLanguage\":\"fr-FR\",\"potentialAction\":[{\"@type\":\"ReadAction\",\"target\":[\"https:\\\/\\\/www.abidcars.com\\\/blog\\\/grand-tour-du-maroc\\\/\"]}]},{\"@type\":\"ImageObject\",\"inLanguage\":\"fr-FR\",\"@id\":\"https:\\\/\\\/www.abidcars.com\\\/blog\\\/grand-tour-du-maroc\\\/#primaryimage\",\"url\":\"https:\\\/\\\/www.abidcars.com\\\/blog\\\/wp-content\\\/uploads\\\/2015\\\/10\\\/maroc.jpg\",\"contentUrl\":\"https:\\\/\\\/www.abidcars.com\\\/blog\\\/wp-content\\\/uploads\\\/2015\\\/10\\\/maroc.jpg\",\"width\":1440,\"height\":720,\"caption\":\"Maroc\"},{\"@type\":\"BreadcrumbList\",\"@id\":\"https:\\\/\\\/www.abidcars.com\\\/blog\\\/grand-tour-du-maroc\\\/#breadcrumb\",\"itemListElement\":[{\"@type\":\"ListItem\",\"position\":1,\"name\":\"Blog\",\"item\":\"https:\\\/\\\/www.abidcars.com\\\/blog\\\/\"},{\"@type\":\"ListItem\",\"position\":2,\"name\":\"Roadtrip : le grand tour du Maroc\"}]},{\"@type\":\"WebSite\",\"@id\":\"https:\\\/\\\/www.abidcars.com\\\/blog\\\/#website\",\"url\":\"https:\\\/\\\/www.abidcars.com\\\/blog\\\/\",\"name\":\"Abid Cars Blog\",\"description\":\"Blog th\u00e9matique sur le Maroc, les voitures et la location des voitures au Maroc\",\"publisher\":{\"@id\":\"https:\\\/\\\/www.abidcars.com\\\/blog\\\/#organization\"},\"potentialAction\":[{\"@type\":\"SearchAction\",\"target\":{\"@type\":\"EntryPoint\",\"urlTemplate\":\"https:\\\/\\\/www.abidcars.com\\\/blog\\\/?s={search_term_string}\"},\"query-input\":{\"@type\":\"PropertyValueSpecification\",\"valueRequired\":true,\"valueName\":\"search_term_string\"}}],\"inLanguage\":\"fr-FR\"},{\"@type\":\"Organization\",\"@id\":\"https:\\\/\\\/www.abidcars.com\\\/blog\\\/#organization\",\"name\":\"Abid Cars Blog\",\"url\":\"https:\\\/\\\/www.abidcars.com\\\/blog\\\/\",\"logo\":{\"@type\":\"ImageObject\",\"inLanguage\":\"fr-FR\",\"@id\":\"https:\\\/\\\/www.abidcars.com\\\/blog\\\/#\\\/schema\\\/logo\\\/image\\\/\",\"url\":\"https:\\\/\\\/www.abidcars.com\\\/blog\\\/wp-content\\\/uploads\\\/2016\\\/05\\\/annif-logo-en.png\",\"contentUrl\":\"https:\\\/\\\/www.abidcars.com\\\/blog\\\/wp-content\\\/uploads\\\/2016\\\/05\\\/annif-logo-en.png\",\"width\":446,\"height\":133,\"caption\":\"Abid Cars Blog\"},\"image\":{\"@id\":\"https:\\\/\\\/www.abidcars.com\\\/blog\\\/#\\\/schema\\\/logo\\\/image\\\/\"},\"sameAs\":[\"https:\\\/\\\/www.facebook.com\\\/pages\\\/Abid-Cars-Location-de-voitures-au-Maroc-Car-rental-in-Morocco\\\/413704925369982\",\"https:\\\/\\\/x.com\\\/ABIDCARS\"]},{\"@type\":\"Person\",\"@id\":\"https:\\\/\\\/www.abidcars.com\\\/blog\\\/#\\\/schema\\\/person\\\/fcbbcbcc98a6e3007072f0bec6e75937\",\"name\":\"Mariam\",\"image\":{\"@type\":\"ImageObject\",\"inLanguage\":\"fr-FR\",\"@id\":\"https:\\\/\\\/secure.gravatar.com\\\/avatar\\\/6672d7c09d7ea789b57671810e6b3885117a7589638e50bde15fe09967b9f4b5?s=96&d=initials&r=g&initials=it\",\"url\":\"https:\\\/\\\/secure.gravatar.com\\\/avatar\\\/6672d7c09d7ea789b57671810e6b3885117a7589638e50bde15fe09967b9f4b5?s=96&d=initials&r=g&initials=it\",\"contentUrl\":\"https:\\\/\\\/secure.gravatar.com\\\/avatar\\\/6672d7c09d7ea789b57671810e6b3885117a7589638e50bde15fe09967b9f4b5?s=96&d=initials&r=g&initials=it\",\"caption\":\"Mariam\"},\"sameAs\":[\"http:\\\/\\\/www.t-t.ma\"],\"url\":\"https:\\\/\\\/www.abidcars.com\\\/blog\\\/author\\\/mzk-mariam\\\/\"}]}<\/script>\n<!-- \/ Yoast SEO plugin. -->","yoast_head_json":{"title":"Roadtrip : le grand tour du Maroc - Abid Cars Blog","description":"Vous envisagez de visiter le Maroc mais vous ne savez pas d\u2019o\u00f9 commencer? Cet itin\u00e9raire vous donnera la chance de combiner les glorieuses villes ...","robots":{"index":"index","follow":"follow","max-snippet":"max-snippet:-1","max-image-preview":"max-image-preview:large","max-video-preview":"max-video-preview:-1"},"canonical":"https:\/\/www.abidcars.com\/blog\/grand-tour-du-maroc\/","og_locale":"fr_FR","og_type":"article","og_title":"Roadtrip : le grand tour du Maroc - Abid Cars Blog","og_description":"Vous envisagez de visiter le Maroc mais vous ne savez pas d\u2019o\u00f9 commencer? Cet itin\u00e9raire vous donnera la chance de combiner les glorieuses villes ...","og_url":"https:\/\/www.abidcars.com\/blog\/grand-tour-du-maroc\/","og_site_name":"Abid Cars Blog","article_publisher":"https:\/\/www.facebook.com\/pages\/Abid-Cars-Location-de-voitures-au-Maroc-Car-rental-in-Morocco\/413704925369982","article_published_time":"2015-10-16T09:35:16+00:00","article_modified_time":"2015-10-26T12:25:11+00:00","og_image":[{"width":1440,"height":720,"url":"https:\/\/www.abidcars.com\/blog\/wp-content\/uploads\/2015\/10\/maroc.jpg","type":"image\/jpeg"}],"author":"Mariam","twitter_card":"summary_large_image","twitter_creator":"@ABIDCARS","twitter_site":"@ABIDCARS","twitter_misc":{"\u00c9crit par":"Mariam","Dur\u00e9e de lecture estim\u00e9e":"6 minutes"},"schema":{"@context":"https:\/\/schema.org","@graph":[{"@type":"Article","@id":"https:\/\/www.abidcars.com\/blog\/grand-tour-du-maroc\/#article","isPartOf":{"@id":"https:\/\/www.abidcars.com\/blog\/grand-tour-du-maroc\/"},"author":{"name":"Mariam","@id":"https:\/\/www.abidcars.com\/blog\/#\/schema\/person\/fcbbcbcc98a6e3007072f0bec6e75937"},"headline":"Roadtrip : le grand tour du Maroc","datePublished":"2015-10-16T09:35:16+00:00","dateModified":"2015-10-26T12:25:11+00:00","mainEntityOfPage":{"@id":"https:\/\/www.abidcars.com\/blog\/grand-tour-du-maroc\/"},"wordCount":1253,"commentCount":2,"publisher":{"@id":"https:\/\/www.abidcars.com\/blog\/#organization"},"image":{"@id":"https:\/\/www.abidcars.com\/blog\/grand-tour-du-maroc\/#primaryimage"},"thumbnailUrl":"https:\/\/www.abidcars.com\/blog\/wp-content\/uploads\/2015\/10\/maroc.jpg","articleSection":["Casablanca","Desert","F\u00e8s","Fran\u00e7ais","Maroc","Marrakech","Rabat"],"inLanguage":"fr-FR","potentialAction":[{"@type":"CommentAction","name":"Comment","target":["https:\/\/www.abidcars.com\/blog\/grand-tour-du-maroc\/#respond"]}]},{"@type":"WebPage","@id":"https:\/\/www.abidcars.com\/blog\/grand-tour-du-maroc\/","url":"https:\/\/www.abidcars.com\/blog\/grand-tour-du-maroc\/","name":"Roadtrip : le grand tour du Maroc - Abid Cars Blog","isPartOf":{"@id":"https:\/\/www.abidcars.com\/blog\/#website"},"primaryImageOfPage":{"@id":"https:\/\/www.abidcars.com\/blog\/grand-tour-du-maroc\/#primaryimage"},"image":{"@id":"https:\/\/www.abidcars.com\/blog\/grand-tour-du-maroc\/#primaryimage"},"thumbnailUrl":"https:\/\/www.abidcars.com\/blog\/wp-content\/uploads\/2015\/10\/maroc.jpg","datePublished":"2015-10-16T09:35:16+00:00","dateModified":"2015-10-26T12:25:11+00:00","description":"Vous envisagez de visiter le Maroc mais vous ne savez pas d\u2019o\u00f9 commencer? Cet itin\u00e9raire vous donnera la chance de combiner les glorieuses villes ...","breadcrumb":{"@id":"https:\/\/www.abidcars.com\/blog\/grand-tour-du-maroc\/#breadcrumb"},"inLanguage":"fr-FR","potentialAction":[{"@type":"ReadAction","target":["https:\/\/www.abidcars.com\/blog\/grand-tour-du-maroc\/"]}]},{"@type":"ImageObject","inLanguage":"fr-FR","@id":"https:\/\/www.abidcars.com\/blog\/grand-tour-du-maroc\/#primaryimage","url":"https:\/\/www.abidcars.com\/blog\/wp-content\/uploads\/2015\/10\/maroc.jpg","contentUrl":"https:\/\/www.abidcars.com\/blog\/wp-content\/uploads\/2015\/10\/maroc.jpg","width":1440,"height":720,"caption":"Maroc"},{"@type":"BreadcrumbList","@id":"https:\/\/www.abidcars.com\/blog\/grand-tour-du-maroc\/#breadcrumb","itemListElement":[{"@type":"ListItem","position":1,"name":"Blog","item":"https:\/\/www.abidcars.com\/blog\/"},{"@type":"ListItem","position":2,"name":"Roadtrip : le grand tour du Maroc"}]},{"@type":"WebSite","@id":"https:\/\/www.abidcars.com\/blog\/#website","url":"https:\/\/www.abidcars.com\/blog\/","name":"Abid Cars Blog","description":"Blog th\u00e9matique sur le Maroc, les voitures et la location des voitures au Maroc","publisher":{"@id":"https:\/\/www.abidcars.com\/blog\/#organization"},"potentialAction":[{"@type":"SearchAction","target":{"@type":"EntryPoint","urlTemplate":"https:\/\/www.abidcars.com\/blog\/?s={search_term_string}"},"query-input":{"@type":"PropertyValueSpecification","valueRequired":true,"valueName":"search_term_string"}}],"inLanguage":"fr-FR"},{"@type":"Organization","@id":"https:\/\/www.abidcars.com\/blog\/#organization","name":"Abid Cars Blog","url":"https:\/\/www.abidcars.com\/blog\/","logo":{"@type":"ImageObject","inLanguage":"fr-FR","@id":"https:\/\/www.abidcars.com\/blog\/#\/schema\/logo\/image\/","url":"https:\/\/www.abidcars.com\/blog\/wp-content\/uploads\/2016\/05\/annif-logo-en.png","contentUrl":"https:\/\/www.abidcars.com\/blog\/wp-content\/uploads\/2016\/05\/annif-logo-en.png","width":446,"height":133,"caption":"Abid Cars Blog"},"image":{"@id":"https:\/\/www.abidcars.com\/blog\/#\/schema\/logo\/image\/"},"sameAs":["https:\/\/www.facebook.com\/pages\/Abid-Cars-Location-de-voitures-au-Maroc-Car-rental-in-Morocco\/413704925369982","https:\/\/x.com\/ABIDCARS"]},{"@type":"Person","@id":"https:\/\/www.abidcars.com\/blog\/#\/schema\/person\/fcbbcbcc98a6e3007072f0bec6e75937","name":"Mariam","image":{"@type":"ImageObject","inLanguage":"fr-FR","@id":"https:\/\/secure.gravatar.com\/avatar\/6672d7c09d7ea789b57671810e6b3885117a7589638e50bde15fe09967b9f4b5?s=96&d=initials&r=g&initials=it","url":"https:\/\/secure.gravatar.com\/avatar\/6672d7c09d7ea789b57671810e6b3885117a7589638e50bde15fe09967b9f4b5?s=96&d=initials&r=g&initials=it","contentUrl":"https:\/\/secure.gravatar.com\/avatar\/6672d7c09d7ea789b57671810e6b3885117a7589638e50bde15fe09967b9f4b5?s=96&d=initials&r=g&initials=it","caption":"Mariam"},"sameAs":["http:\/\/www.t-t.ma"],"url":"https:\/\/www.abidcars.com\/blog\/author\/mzk-mariam\/"}]}},"amp_enabled":true,"_links":{"self":[{"href":"https:\/\/www.abidcars.com\/blog\/wp-json\/wp\/v2\/posts\/823","targetHints":{"allow":["GET"]}}],"collection":[{"href":"https:\/\/www.abidcars.com\/blog\/wp-json\/wp\/v2\/posts"}],"about":[{"href":"https:\/\/www.abidcars.com\/blog\/wp-json\/wp\/v2\/types\/post"}],"author":[{"embeddable":true,"href":"https:\/\/www.abidcars.com\/blog\/wp-json\/wp\/v2\/users\/4"}],"replies":[{"embeddable":true,"href":"https:\/\/www.abidcars.com\/blog\/wp-json\/wp\/v2\/comments?post=823"}],"version-history":[{"count":10,"href":"https:\/\/www.abidcars.com\/blog\/wp-json\/wp\/v2\/posts\/823\/revisions"}],"predecessor-version":[{"id":863,"href":"https:\/\/www.abidcars.com\/blog\/wp-json\/wp\/v2\/posts\/823\/revisions\/863"}],"wp:featuredmedia":[{"embeddable":true,"href":"https:\/\/www.abidcars.com\/blog\/wp-json\/wp\/v2\/media\/826"}],"wp:attachment":[{"href":"https:\/\/www.abidcars.com\/blog\/wp-json\/wp\/v2\/media?parent=823"}],"wp:term":[{"taxonomy":"category","embeddable":true,"href":"https:\/\/www.abidcars.com\/blog\/wp-json\/wp\/v2\/categories?post=823"},{"taxonomy":"post_tag","embeddable":true,"href":"https:\/\/www.abidcars.com\/blog\/wp-json\/wp\/v2\/tags?post=823"}],"curies":[{"name":"wp","href":"https:\/\/api.w.org\/{rel}","templated":true}]}}