{"id":718,"date":"2015-09-09T10:41:12","date_gmt":"2015-09-09T09:41:12","guid":{"rendered":"https:\/\/www.abidcars.com\/blog\/?p=718"},"modified":"2016-05-11T17:58:01","modified_gmt":"2016-05-11T16:58:01","slug":"promotion-sur-des-voitures-de-location-a-agadir","status":"publish","type":"post","link":"https:\/\/www.abidcars.com\/blog\/promotion-sur-des-voitures-de-location-a-agadir\/","title":{"rendered":"Promotion sur des voitures de location \u00e0 Agadir!"},"content":{"rendered":"<p>&nbsp;<\/p>\n<p>Vous \u00eates \u00e0 la recherche d&rsquo;une <a href=\"https:\/\/www.abidcars.com\/location-de-voiture-a-agadir\" target=\"_blank\">voiture de location moins ch\u00e8re \u00e0 Agadir<\/a>? Ne cherchez plus! B\u00e9n\u00e9ficiez d\u00e8s maintenant de cette promotion faite pour vous et choisissez la voiture qui vous convient!<!--more--><\/p>\n<h2><\/h2>\n<h2><strong><span style=\"color: #008000;\">D\u00e9tail de l&rsquo;offre :<\/span><\/strong><\/h2>\n<p><a href=\"https:\/\/www.abidcars.com\/blog\/wp-content\/uploads\/2015\/09\/thumb-Skoda-Octavia.jpg\"><img loading=\"lazy\" decoding=\"async\" class=\"aligncenter size-full wp-image-720\" src=\"https:\/\/www.abidcars.com\/blog\/wp-content\/uploads\/2015\/09\/thumb-Skoda-Octavia.jpg\" alt=\"thumb-Skoda-Octavia\" width=\"266\" height=\"200\" srcset=\"https:\/\/www.abidcars.com\/blog\/wp-content\/uploads\/2015\/09\/thumb-Skoda-Octavia.jpg 266w, https:\/\/www.abidcars.com\/blog\/wp-content\/uploads\/2015\/09\/thumb-Skoda-Octavia-200x150.jpg 200w\" sizes=\"auto, (max-width: 266px) 100vw, 266px\" \/><\/a><\/p>\n<p style=\"text-align: center;\">Du\u00a0<strong>10\/09\/2015\u00a0<\/strong>au\u00a0<strong>20\/09\/2015<\/strong>\u00a0\u00a0SCODA OCTAVIA TDI \u00e0 partir de\u00a0<strong>399dh\/jour\u00a0<\/strong><\/p>\n<p style=\"text-align: center;\"><a href=\"https:\/\/www.abidcars.com\/blog\/wp-content\/uploads\/2015\/09\/thumb-location-de-voiture-Dacia-duster.png\"><img loading=\"lazy\" decoding=\"async\" class=\"aligncenter size-full wp-image-721\" src=\"https:\/\/www.abidcars.com\/blog\/wp-content\/uploads\/2015\/09\/thumb-location-de-voiture-Dacia-duster.png\" alt=\"thumb-location-de-voiture-Dacia-duster\" width=\"266\" height=\"200\" srcset=\"https:\/\/www.abidcars.com\/blog\/wp-content\/uploads\/2015\/09\/thumb-location-de-voiture-Dacia-duster.png 266w, https:\/\/www.abidcars.com\/blog\/wp-content\/uploads\/2015\/09\/thumb-location-de-voiture-Dacia-duster-200x150.png 200w\" sizes=\"auto, (max-width: 266px) 100vw, 266px\" \/><\/a><\/p>\n<p style=\"text-align: center;\">Du\u00a0<strong>10\/09\/2015\u00a0<\/strong>au\u00a0<strong>20\/09\/2015<\/strong>\u00a0DACIA DUSTER 4X4 \u00e0 partir de\u00a0<strong>414dh\/jour<\/strong><\/p>\n<p><a href=\"https:\/\/www.abidcars.com\/blog\/wp-content\/uploads\/2015\/07\/Mitsubishi-Pajero-Sport.jpg\"><img loading=\"lazy\" decoding=\"async\" class=\"aligncenter wp-image-685 size-medium\" src=\"https:\/\/www.abidcars.com\/blog\/wp-content\/uploads\/2015\/07\/Mitsubishi-Pajero-Sport-300x200.jpg\" alt=\"Mitsubishi-Pajero-Sport\" width=\"300\" height=\"200\" srcset=\"https:\/\/www.abidcars.com\/blog\/wp-content\/uploads\/2015\/07\/Mitsubishi-Pajero-Sport-300x200.jpg 300w, https:\/\/www.abidcars.com\/blog\/wp-content\/uploads\/2015\/07\/Mitsubishi-Pajero-Sport-1024x683.jpg 1024w, https:\/\/www.abidcars.com\/blog\/wp-content\/uploads\/2015\/07\/Mitsubishi-Pajero-Sport.jpg 1980w\" sizes=\"auto, (max-width: 300px) 100vw, 300px\" \/><\/a><\/p>\n<p style=\"text-align: center;\">Du <strong>10\/09\/2015\u00a0<\/strong>au\u00a0<strong>20\/09\/2015<\/strong>\u00a0\u00a0MITSUBISHI PAJERO SPORT 4X4\u00a0\u00e0 partir de\u00a0<strong>699dh\/jour<\/strong><\/p>\n<div>\n<div>Offre valable uniquement pour l&rsquo;agence de Agadir dans les limites des voitures disponibles.<\/div>\n<\/div>\n","protected":false},"excerpt":{"rendered":"<p>&nbsp; Vous \u00eates \u00e0 la recherche d&rsquo;une voiture de location moins ch\u00e8re [&hellip;]<\/p>\n","protected":false},"author":4,"featured_media":867,"comment_status":"open","ping_status":"open","sticky":false,"template":"","format":"standard","meta":{"footnotes":""},"categories":[96,2],"tags":[],"class_list":["post-718","post","type-post","status-publish","format-standard","has-post-thumbnail","hentry","category-agadir","category-fr"],"yoast_head":"<!-- This site is optimized with the Yoast SEO plugin v27.4 - https:\/\/yoast.com\/product\/yoast-seo-wordpress\/ -->\n<title>Promotion sur des voitures de location \u00e0 Agadir!<\/title>\n<meta name=\"description\" content=\"Vous \u00eates \u00e0 la recherche d&#039;une voiture de location\u00e0 Agadir? B\u00e9n\u00e9ficiez d\u00e8s maintenant de cette promotion faite pour vous et choisissez la voiture qui vous convient!\" \/>\n<meta name=\"robots\" content=\"index, follow, max-snippet:-1, max-image-preview:large, max-video-preview:-1\" \/>\n<link rel=\"canonical\" href=\"https:\/\/www.abidcars.com\/blog\/promotion-sur-des-voitures-de-location-a-agadir\/\" \/>\n<meta property=\"og:locale\" content=\"fr_FR\" \/>\n<meta property=\"og:type\" content=\"article\" \/>\n<meta property=\"og:title\" content=\"Promotion sur des voitures de location \u00e0 Agadir!\" \/>\n<meta property=\"og:description\" content=\"Vous \u00eates \u00e0 la recherche d&#039;une voiture de location\u00e0 Agadir? B\u00e9n\u00e9ficiez d\u00e8s maintenant de cette promotion faite pour vous et choisissez la voiture qui vous convient!\" \/>\n<meta property=\"og:url\" content=\"https:\/\/www.abidcars.com\/blog\/promotion-sur-des-voitures-de-location-a-agadir\/\" \/>\n<meta property=\"og:site_name\" content=\"Abid Cars Blog\" \/>\n<meta property=\"article:publisher\" content=\"https:\/\/www.facebook.com\/pages\/Abid-Cars-Location-de-voitures-au-Maroc-Car-rental-in-Morocco\/413704925369982\" \/>\n<meta property=\"article:published_time\" content=\"2015-09-09T09:41:12+00:00\" \/>\n<meta property=\"article:modified_time\" content=\"2016-05-11T16:58:01+00:00\" \/>\n<meta property=\"og:image\" content=\"https:\/\/www.abidcars.com\/blog\/wp-content\/uploads\/2015\/09\/promo-fr.png\" \/>\n\t<meta property=\"og:image:width\" content=\"250\" \/>\n\t<meta property=\"og:image:height\" content=\"200\" \/>\n\t<meta property=\"og:image:type\" content=\"image\/png\" \/>\n<meta name=\"author\" content=\"Mariam\" \/>\n<meta name=\"twitter:card\" content=\"summary_large_image\" \/>\n<meta name=\"twitter:creator\" content=\"@ABIDCARS\" \/>\n<meta name=\"twitter:site\" content=\"@ABIDCARS\" \/>\n<meta name=\"twitter:label1\" content=\"\u00c9crit par\" \/>\n\t<meta name=\"twitter:data1\" content=\"Mariam\" \/>\n<script type=\"application\/ld+json\" class=\"yoast-schema-graph\">{\"@context\":\"https:\\\/\\\/schema.org\",\"@graph\":[{\"@type\":\"Article\",\"@id\":\"https:\\\/\\\/www.abidcars.com\\\/blog\\\/promotion-sur-des-voitures-de-location-a-agadir\\\/#article\",\"isPartOf\":{\"@id\":\"https:\\\/\\\/www.abidcars.com\\\/blog\\\/promotion-sur-des-voitures-de-location-a-agadir\\\/\"},\"author\":{\"name\":\"Mariam\",\"@id\":\"https:\\\/\\\/www.abidcars.com\\\/blog\\\/#\\\/schema\\\/person\\\/fcbbcbcc98a6e3007072f0bec6e75937\"},\"headline\":\"Promotion sur des voitures de location \u00e0 Agadir!\",\"datePublished\":\"2015-09-09T09:41:12+00:00\",\"dateModified\":\"2016-05-11T16:58:01+00:00\",\"mainEntityOfPage\":{\"@id\":\"https:\\\/\\\/www.abidcars.com\\\/blog\\\/promotion-sur-des-voitures-de-location-a-agadir\\\/\"},\"wordCount\":90,\"commentCount\":0,\"publisher\":{\"@id\":\"https:\\\/\\\/www.abidcars.com\\\/blog\\\/#organization\"},\"image\":{\"@id\":\"https:\\\/\\\/www.abidcars.com\\\/blog\\\/promotion-sur-des-voitures-de-location-a-agadir\\\/#primaryimage\"},\"thumbnailUrl\":\"https:\\\/\\\/www.abidcars.com\\\/blog\\\/wp-content\\\/uploads\\\/2015\\\/09\\\/promo-fr.png\",\"articleSection\":[\"Agadir\",\"Fran\u00e7ais\"],\"inLanguage\":\"fr-FR\",\"potentialAction\":[{\"@type\":\"CommentAction\",\"name\":\"Comment\",\"target\":[\"https:\\\/\\\/www.abidcars.com\\\/blog\\\/promotion-sur-des-voitures-de-location-a-agadir\\\/#respond\"]}]},{\"@type\":\"WebPage\",\"@id\":\"https:\\\/\\\/www.abidcars.com\\\/blog\\\/promotion-sur-des-voitures-de-location-a-agadir\\\/\",\"url\":\"https:\\\/\\\/www.abidcars.com\\\/blog\\\/promotion-sur-des-voitures-de-location-a-agadir\\\/\",\"name\":\"Promotion sur des voitures de location \u00e0 Agadir!\",\"isPartOf\":{\"@id\":\"https:\\\/\\\/www.abidcars.com\\\/blog\\\/#website\"},\"primaryImageOfPage\":{\"@id\":\"https:\\\/\\\/www.abidcars.com\\\/blog\\\/promotion-sur-des-voitures-de-location-a-agadir\\\/#primaryimage\"},\"image\":{\"@id\":\"https:\\\/\\\/www.abidcars.com\\\/blog\\\/promotion-sur-des-voitures-de-location-a-agadir\\\/#primaryimage\"},\"thumbnailUrl\":\"https:\\\/\\\/www.abidcars.com\\\/blog\\\/wp-content\\\/uploads\\\/2015\\\/09\\\/promo-fr.png\",\"datePublished\":\"2015-09-09T09:41:12+00:00\",\"dateModified\":\"2016-05-11T16:58:01+00:00\",\"description\":\"Vous \u00eates \u00e0 la recherche d'une voiture de location\u00e0 Agadir? B\u00e9n\u00e9ficiez d\u00e8s maintenant de cette promotion faite pour vous et choisissez la voiture qui vous convient!\",\"breadcrumb\":{\"@id\":\"https:\\\/\\\/www.abidcars.com\\\/blog\\\/promotion-sur-des-voitures-de-location-a-agadir\\\/#breadcrumb\"},\"inLanguage\":\"fr-FR\",\"potentialAction\":[{\"@type\":\"ReadAction\",\"target\":[\"https:\\\/\\\/www.abidcars.com\\\/blog\\\/promotion-sur-des-voitures-de-location-a-agadir\\\/\"]}]},{\"@type\":\"ImageObject\",\"inLanguage\":\"fr-FR\",\"@id\":\"https:\\\/\\\/www.abidcars.com\\\/blog\\\/promotion-sur-des-voitures-de-location-a-agadir\\\/#primaryimage\",\"url\":\"https:\\\/\\\/www.abidcars.com\\\/blog\\\/wp-content\\\/uploads\\\/2015\\\/09\\\/promo-fr.png\",\"contentUrl\":\"https:\\\/\\\/www.abidcars.com\\\/blog\\\/wp-content\\\/uploads\\\/2015\\\/09\\\/promo-fr.png\",\"width\":250,\"height\":200},{\"@type\":\"BreadcrumbList\",\"@id\":\"https:\\\/\\\/www.abidcars.com\\\/blog\\\/promotion-sur-des-voitures-de-location-a-agadir\\\/#breadcrumb\",\"itemListElement\":[{\"@type\":\"ListItem\",\"position\":1,\"name\":\"Blog\",\"item\":\"https:\\\/\\\/www.abidcars.com\\\/blog\\\/\"},{\"@type\":\"ListItem\",\"position\":2,\"name\":\"Promotion sur des voitures de location \u00e0 Agadir!\"}]},{\"@type\":\"WebSite\",\"@id\":\"https:\\\/\\\/www.abidcars.com\\\/blog\\\/#website\",\"url\":\"https:\\\/\\\/www.abidcars.com\\\/blog\\\/\",\"name\":\"Abid Cars Blog\",\"description\":\"Blog th\u00e9matique sur le Maroc, les voitures et la location des voitures au Maroc\",\"publisher\":{\"@id\":\"https:\\\/\\\/www.abidcars.com\\\/blog\\\/#organization\"},\"potentialAction\":[{\"@type\":\"SearchAction\",\"target\":{\"@type\":\"EntryPoint\",\"urlTemplate\":\"https:\\\/\\\/www.abidcars.com\\\/blog\\\/?s={search_term_string}\"},\"query-input\":{\"@type\":\"PropertyValueSpecification\",\"valueRequired\":true,\"valueName\":\"search_term_string\"}}],\"inLanguage\":\"fr-FR\"},{\"@type\":\"Organization\",\"@id\":\"https:\\\/\\\/www.abidcars.com\\\/blog\\\/#organization\",\"name\":\"Abid Cars Blog\",\"url\":\"https:\\\/\\\/www.abidcars.com\\\/blog\\\/\",\"logo\":{\"@type\":\"ImageObject\",\"inLanguage\":\"fr-FR\",\"@id\":\"https:\\\/\\\/www.abidcars.com\\\/blog\\\/#\\\/schema\\\/logo\\\/image\\\/\",\"url\":\"https:\\\/\\\/www.abidcars.com\\\/blog\\\/wp-content\\\/uploads\\\/2016\\\/05\\\/annif-logo-en.png\",\"contentUrl\":\"https:\\\/\\\/www.abidcars.com\\\/blog\\\/wp-content\\\/uploads\\\/2016\\\/05\\\/annif-logo-en.png\",\"width\":446,\"height\":133,\"caption\":\"Abid Cars Blog\"},\"image\":{\"@id\":\"https:\\\/\\\/www.abidcars.com\\\/blog\\\/#\\\/schema\\\/logo\\\/image\\\/\"},\"sameAs\":[\"https:\\\/\\\/www.facebook.com\\\/pages\\\/Abid-Cars-Location-de-voitures-au-Maroc-Car-rental-in-Morocco\\\/413704925369982\",\"https:\\\/\\\/x.com\\\/ABIDCARS\"]},{\"@type\":\"Person\",\"@id\":\"https:\\\/\\\/www.abidcars.com\\\/blog\\\/#\\\/schema\\\/person\\\/fcbbcbcc98a6e3007072f0bec6e75937\",\"name\":\"Mariam\",\"image\":{\"@type\":\"ImageObject\",\"inLanguage\":\"fr-FR\",\"@id\":\"https:\\\/\\\/secure.gravatar.com\\\/avatar\\\/6672d7c09d7ea789b57671810e6b3885117a7589638e50bde15fe09967b9f4b5?s=96&d=initials&r=g&initials=it\",\"url\":\"https:\\\/\\\/secure.gravatar.com\\\/avatar\\\/6672d7c09d7ea789b57671810e6b3885117a7589638e50bde15fe09967b9f4b5?s=96&d=initials&r=g&initials=it\",\"contentUrl\":\"https:\\\/\\\/secure.gravatar.com\\\/avatar\\\/6672d7c09d7ea789b57671810e6b3885117a7589638e50bde15fe09967b9f4b5?s=96&d=initials&r=g&initials=it\",\"caption\":\"Mariam\"},\"sameAs\":[\"http:\\\/\\\/www.t-t.ma\"],\"url\":\"https:\\\/\\\/www.abidcars.com\\\/blog\\\/author\\\/mzk-mariam\\\/\"}]}<\/script>\n<!-- \/ Yoast SEO plugin. -->","yoast_head_json":{"title":"Promotion sur des voitures de location \u00e0 Agadir!","description":"Vous \u00eates \u00e0 la recherche d'une voiture de location\u00e0 Agadir? B\u00e9n\u00e9ficiez d\u00e8s maintenant de cette promotion faite pour vous et choisissez la voiture qui vous convient!","robots":{"index":"index","follow":"follow","max-snippet":"max-snippet:-1","max-image-preview":"max-image-preview:large","max-video-preview":"max-video-preview:-1"},"canonical":"https:\/\/www.abidcars.com\/blog\/promotion-sur-des-voitures-de-location-a-agadir\/","og_locale":"fr_FR","og_type":"article","og_title":"Promotion sur des voitures de location \u00e0 Agadir!","og_description":"Vous \u00eates \u00e0 la recherche d'une voiture de location\u00e0 Agadir? B\u00e9n\u00e9ficiez d\u00e8s maintenant de cette promotion faite pour vous et choisissez la voiture qui vous convient!","og_url":"https:\/\/www.abidcars.com\/blog\/promotion-sur-des-voitures-de-location-a-agadir\/","og_site_name":"Abid Cars Blog","article_publisher":"https:\/\/www.facebook.com\/pages\/Abid-Cars-Location-de-voitures-au-Maroc-Car-rental-in-Morocco\/413704925369982","article_published_time":"2015-09-09T09:41:12+00:00","article_modified_time":"2016-05-11T16:58:01+00:00","og_image":[{"width":250,"height":200,"url":"https:\/\/www.abidcars.com\/blog\/wp-content\/uploads\/2015\/09\/promo-fr.png","type":"image\/png"}],"author":"Mariam","twitter_card":"summary_large_image","twitter_creator":"@ABIDCARS","twitter_site":"@ABIDCARS","twitter_misc":{"\u00c9crit par":"Mariam"},"schema":{"@context":"https:\/\/schema.org","@graph":[{"@type":"Article","@id":"https:\/\/www.abidcars.com\/blog\/promotion-sur-des-voitures-de-location-a-agadir\/#article","isPartOf":{"@id":"https:\/\/www.abidcars.com\/blog\/promotion-sur-des-voitures-de-location-a-agadir\/"},"author":{"name":"Mariam","@id":"https:\/\/www.abidcars.com\/blog\/#\/schema\/person\/fcbbcbcc98a6e3007072f0bec6e75937"},"headline":"Promotion sur des voitures de location \u00e0 Agadir!","datePublished":"2015-09-09T09:41:12+00:00","dateModified":"2016-05-11T16:58:01+00:00","mainEntityOfPage":{"@id":"https:\/\/www.abidcars.com\/blog\/promotion-sur-des-voitures-de-location-a-agadir\/"},"wordCount":90,"commentCount":0,"publisher":{"@id":"https:\/\/www.abidcars.com\/blog\/#organization"},"image":{"@id":"https:\/\/www.abidcars.com\/blog\/promotion-sur-des-voitures-de-location-a-agadir\/#primaryimage"},"thumbnailUrl":"https:\/\/www.abidcars.com\/blog\/wp-content\/uploads\/2015\/09\/promo-fr.png","articleSection":["Agadir","Fran\u00e7ais"],"inLanguage":"fr-FR","potentialAction":[{"@type":"CommentAction","name":"Comment","target":["https:\/\/www.abidcars.com\/blog\/promotion-sur-des-voitures-de-location-a-agadir\/#respond"]}]},{"@type":"WebPage","@id":"https:\/\/www.abidcars.com\/blog\/promotion-sur-des-voitures-de-location-a-agadir\/","url":"https:\/\/www.abidcars.com\/blog\/promotion-sur-des-voitures-de-location-a-agadir\/","name":"Promotion sur des voitures de location \u00e0 Agadir!","isPartOf":{"@id":"https:\/\/www.abidcars.com\/blog\/#website"},"primaryImageOfPage":{"@id":"https:\/\/www.abidcars.com\/blog\/promotion-sur-des-voitures-de-location-a-agadir\/#primaryimage"},"image":{"@id":"https:\/\/www.abidcars.com\/blog\/promotion-sur-des-voitures-de-location-a-agadir\/#primaryimage"},"thumbnailUrl":"https:\/\/www.abidcars.com\/blog\/wp-content\/uploads\/2015\/09\/promo-fr.png","datePublished":"2015-09-09T09:41:12+00:00","dateModified":"2016-05-11T16:58:01+00:00","description":"Vous \u00eates \u00e0 la recherche d'une voiture de location\u00e0 Agadir? B\u00e9n\u00e9ficiez d\u00e8s maintenant de cette promotion faite pour vous et choisissez la voiture qui vous convient!","breadcrumb":{"@id":"https:\/\/www.abidcars.com\/blog\/promotion-sur-des-voitures-de-location-a-agadir\/#breadcrumb"},"inLanguage":"fr-FR","potentialAction":[{"@type":"ReadAction","target":["https:\/\/www.abidcars.com\/blog\/promotion-sur-des-voitures-de-location-a-agadir\/"]}]},{"@type":"ImageObject","inLanguage":"fr-FR","@id":"https:\/\/www.abidcars.com\/blog\/promotion-sur-des-voitures-de-location-a-agadir\/#primaryimage","url":"https:\/\/www.abidcars.com\/blog\/wp-content\/uploads\/2015\/09\/promo-fr.png","contentUrl":"https:\/\/www.abidcars.com\/blog\/wp-content\/uploads\/2015\/09\/promo-fr.png","width":250,"height":200},{"@type":"BreadcrumbList","@id":"https:\/\/www.abidcars.com\/blog\/promotion-sur-des-voitures-de-location-a-agadir\/#breadcrumb","itemListElement":[{"@type":"ListItem","position":1,"name":"Blog","item":"https:\/\/www.abidcars.com\/blog\/"},{"@type":"ListItem","position":2,"name":"Promotion sur des voitures de location \u00e0 Agadir!"}]},{"@type":"WebSite","@id":"https:\/\/www.abidcars.com\/blog\/#website","url":"https:\/\/www.abidcars.com\/blog\/","name":"Abid Cars Blog","description":"Blog th\u00e9matique sur le Maroc, les voitures et la location des voitures au Maroc","publisher":{"@id":"https:\/\/www.abidcars.com\/blog\/#organization"},"potentialAction":[{"@type":"SearchAction","target":{"@type":"EntryPoint","urlTemplate":"https:\/\/www.abidcars.com\/blog\/?s={search_term_string}"},"query-input":{"@type":"PropertyValueSpecification","valueRequired":true,"valueName":"search_term_string"}}],"inLanguage":"fr-FR"},{"@type":"Organization","@id":"https:\/\/www.abidcars.com\/blog\/#organization","name":"Abid Cars Blog","url":"https:\/\/www.abidcars.com\/blog\/","logo":{"@type":"ImageObject","inLanguage":"fr-FR","@id":"https:\/\/www.abidcars.com\/blog\/#\/schema\/logo\/image\/","url":"https:\/\/www.abidcars.com\/blog\/wp-content\/uploads\/2016\/05\/annif-logo-en.png","contentUrl":"https:\/\/www.abidcars.com\/blog\/wp-content\/uploads\/2016\/05\/annif-logo-en.png","width":446,"height":133,"caption":"Abid Cars Blog"},"image":{"@id":"https:\/\/www.abidcars.com\/blog\/#\/schema\/logo\/image\/"},"sameAs":["https:\/\/www.facebook.com\/pages\/Abid-Cars-Location-de-voitures-au-Maroc-Car-rental-in-Morocco\/413704925369982","https:\/\/x.com\/ABIDCARS"]},{"@type":"Person","@id":"https:\/\/www.abidcars.com\/blog\/#\/schema\/person\/fcbbcbcc98a6e3007072f0bec6e75937","name":"Mariam","image":{"@type":"ImageObject","inLanguage":"fr-FR","@id":"https:\/\/secure.gravatar.com\/avatar\/6672d7c09d7ea789b57671810e6b3885117a7589638e50bde15fe09967b9f4b5?s=96&d=initials&r=g&initials=it","url":"https:\/\/secure.gravatar.com\/avatar\/6672d7c09d7ea789b57671810e6b3885117a7589638e50bde15fe09967b9f4b5?s=96&d=initials&r=g&initials=it","contentUrl":"https:\/\/secure.gravatar.com\/avatar\/6672d7c09d7ea789b57671810e6b3885117a7589638e50bde15fe09967b9f4b5?s=96&d=initials&r=g&initials=it","caption":"Mariam"},"sameAs":["http:\/\/www.t-t.ma"],"url":"https:\/\/www.abidcars.com\/blog\/author\/mzk-mariam\/"}]}},"amp_enabled":true,"_links":{"self":[{"href":"https:\/\/www.abidcars.com\/blog\/wp-json\/wp\/v2\/posts\/718","targetHints":{"allow":["GET"]}}],"collection":[{"href":"https:\/\/www.abidcars.com\/blog\/wp-json\/wp\/v2\/posts"}],"about":[{"href":"https:\/\/www.abidcars.com\/blog\/wp-json\/wp\/v2\/types\/post"}],"author":[{"embeddable":true,"href":"https:\/\/www.abidcars.com\/blog\/wp-json\/wp\/v2\/users\/4"}],"replies":[{"embeddable":true,"href":"https:\/\/www.abidcars.com\/blog\/wp-json\/wp\/v2\/comments?post=718"}],"version-history":[{"count":6,"href":"https:\/\/www.abidcars.com\/blog\/wp-json\/wp\/v2\/posts\/718\/revisions"}],"predecessor-version":[{"id":729,"href":"https:\/\/www.abidcars.com\/blog\/wp-json\/wp\/v2\/posts\/718\/revisions\/729"}],"wp:featuredmedia":[{"embeddable":true,"href":"https:\/\/www.abidcars.com\/blog\/wp-json\/wp\/v2\/media\/867"}],"wp:attachment":[{"href":"https:\/\/www.abidcars.com\/blog\/wp-json\/wp\/v2\/media?parent=718"}],"wp:term":[{"taxonomy":"category","embeddable":true,"href":"https:\/\/www.abidcars.com\/blog\/wp-json\/wp\/v2\/categories?post=718"},{"taxonomy":"post_tag","embeddable":true,"href":"https:\/\/www.abidcars.com\/blog\/wp-json\/wp\/v2\/tags?post=718"}],"curies":[{"name":"wp","href":"https:\/\/api.w.org\/{rel}","templated":true}]}}