{"id":678,"date":"2015-07-28T12:12:28","date_gmt":"2015-07-28T11:12:28","guid":{"rendered":"https:\/\/www.abidcars.com\/blog\/?p=678"},"modified":"2016-05-11T17:57:47","modified_gmt":"2016-05-11T16:57:47","slug":"promo-location-voiture-a-rabat-et-casablanca","status":"publish","type":"post","link":"https:\/\/www.abidcars.com\/blog\/promo-location-voiture-a-rabat-et-casablanca\/","title":{"rendered":"Des voitures \u00e0 partir de 330dh \u00e0 Rabat et Casablanca!!"},"content":{"rendered":"<p>Vous planifiez de visiter Rabat, Casablanca et leurs environs? Alors, profitez des tarifs exceptionnels \u00e0 partir de 330 dh\u00a0par jour lorsque vous louez\u00a0votre voiture \u00e0 <a href=\"http:\/\/www.abidcars.com\/location-de-voiture-a-rabat\" target=\"_blank\">Rabat<\/a> et <a href=\"http:\/\/www.abidcars.com\/location-de-voiture-a-casablanca\" target=\"_blank\">Casablanca<\/a>.<!--more--><\/p>\n<h6><strong><span style=\"color: #008000;\">D\u00e9tail de l&rsquo;offre :<\/span><\/strong><\/h6>\n<p><a href=\"https:\/\/www.abidcars.com\/blog\/wp-content\/uploads\/2015\/07\/fiat-punto-classic-12-01.jpg\"><img loading=\"lazy\" decoding=\"async\" class=\"aligncenter wp-image-683\" src=\"https:\/\/www.abidcars.com\/blog\/wp-content\/uploads\/2015\/07\/fiat-punto-classic-12-01.jpg\" alt=\"fiat-punto-classic-12-01\" width=\"257\" height=\"171\" srcset=\"https:\/\/www.abidcars.com\/blog\/wp-content\/uploads\/2015\/07\/fiat-punto-classic-12-01.jpg 480w, https:\/\/www.abidcars.com\/blog\/wp-content\/uploads\/2015\/07\/fiat-punto-classic-12-01-300x200.jpg 300w\" sizes=\"auto, (max-width: 257px) 100vw, 257px\" \/><\/a><\/p>\n<p style=\"text-align: center;\">Du\u00a0<strong>01\/08\/2015\u00a0<\/strong>au\u00a0<strong>13\/08\/2015<\/strong>\u00a0\u00a0FIAT PUNTO CLASSIQUE \u00e0 partir du <strong>330dh\/jour<\/strong><\/p>\n<p style=\"text-align: center;\"><a href=\"https:\/\/www.abidcars.com\/blog\/wp-content\/uploads\/2015\/07\/6218.jpg\"><img loading=\"lazy\" decoding=\"async\" class=\"aligncenter wp-image-684\" src=\"https:\/\/www.abidcars.com\/blog\/wp-content\/uploads\/2015\/07\/6218.jpg\" alt=\"6218\" width=\"262\" height=\"139\" srcset=\"https:\/\/www.abidcars.com\/blog\/wp-content\/uploads\/2015\/07\/6218.jpg 655w, https:\/\/www.abidcars.com\/blog\/wp-content\/uploads\/2015\/07\/6218-300x159.jpg 300w\" sizes=\"auto, (max-width: 262px) 100vw, 262px\" \/><\/a><br \/>\nDu\u00a0<strong>04\/08\/2015<\/strong>\u00a0au\u00a0<strong>17\/08\/2015<\/strong>\u00a0VW POLO SEDAN TDI \u00e0 partir du <strong>400dh\/jour<\/strong><\/p>\n<p style=\"text-align: center;\"><a href=\"https:\/\/www.abidcars.com\/blog\/wp-content\/uploads\/2015\/07\/Mitsubishi-Pajero-Sport.jpg\"><img loading=\"lazy\" decoding=\"async\" class=\"aligncenter wp-image-685\" src=\"https:\/\/www.abidcars.com\/blog\/wp-content\/uploads\/2015\/07\/Mitsubishi-Pajero-Sport.jpg\" alt=\"Mitsubishi-Pajero-Sport\" width=\"254\" height=\"169\" srcset=\"https:\/\/www.abidcars.com\/blog\/wp-content\/uploads\/2015\/07\/Mitsubishi-Pajero-Sport.jpg 1980w, https:\/\/www.abidcars.com\/blog\/wp-content\/uploads\/2015\/07\/Mitsubishi-Pajero-Sport-300x200.jpg 300w, https:\/\/www.abidcars.com\/blog\/wp-content\/uploads\/2015\/07\/Mitsubishi-Pajero-Sport-1024x683.jpg 1024w\" sizes=\"auto, (max-width: 254px) 100vw, 254px\" \/><\/a><br \/>\nDu\u00a0<strong>28\/07\/2015<\/strong>\u00a0au\u00a0<strong>03\/08\/2015<\/strong>\u00a0\u00a0MITSUBISHI PAJERO SPORT \u00e0 partir du <strong>650dh\/jour\u00a0<\/strong><\/p>\n<div>\n<p>*Offre valable uniquement pour les agences Abid Cars de Rabat et Casablanca\u00a0dans les limites des voitures disponibles.<\/p>\n<\/div>\n","protected":false},"excerpt":{"rendered":"<p>Vous planifiez de visiter Rabat, Casablanca et leurs environs? Alors, profitez des [&hellip;]<\/p>\n","protected":false},"author":4,"featured_media":868,"comment_status":"open","ping_status":"open","sticky":false,"template":"","format":"standard","meta":{"footnotes":""},"categories":[97,2,22],"tags":[],"class_list":["post-678","post","type-post","status-publish","format-standard","has-post-thumbnail","hentry","category-casablanca","category-fr","category-rabat"],"yoast_head":"<!-- This site is optimized with the Yoast SEO plugin v27.4 - https:\/\/yoast.com\/product\/yoast-seo-wordpress\/ -->\n<title>Des voitures \u00e0 partir de 330dh \u00e0 Rabat et Casablanca!! - Abid Cars Blog<\/title>\n<meta name=\"description\" content=\"Profitez des tarifs exceptionnels \u00e0 partir de 330 dh par jour lorsque vous louez votre voiture \u00e0 Rabat et Casablanca.\" \/>\n<meta name=\"robots\" content=\"index, follow, max-snippet:-1, max-image-preview:large, max-video-preview:-1\" \/>\n<link rel=\"canonical\" href=\"https:\/\/www.abidcars.com\/blog\/promo-location-voiture-a-rabat-et-casablanca\/\" \/>\n<meta property=\"og:locale\" content=\"fr_FR\" \/>\n<meta property=\"og:type\" content=\"article\" \/>\n<meta property=\"og:title\" content=\"Des voitures \u00e0 partir de 330dh \u00e0 Rabat et Casablanca!! - Abid Cars Blog\" \/>\n<meta property=\"og:description\" content=\"Profitez des tarifs exceptionnels \u00e0 partir de 330 dh par jour lorsque vous louez votre voiture \u00e0 Rabat et Casablanca.\" \/>\n<meta property=\"og:url\" content=\"https:\/\/www.abidcars.com\/blog\/promo-location-voiture-a-rabat-et-casablanca\/\" \/>\n<meta property=\"og:site_name\" content=\"Abid Cars Blog\" \/>\n<meta property=\"article:publisher\" content=\"https:\/\/www.facebook.com\/pages\/Abid-Cars-Location-de-voitures-au-Maroc-Car-rental-in-Morocco\/413704925369982\" \/>\n<meta property=\"article:published_time\" content=\"2015-07-28T11:12:28+00:00\" \/>\n<meta property=\"article:modified_time\" content=\"2016-05-11T16:57:47+00:00\" \/>\n<meta property=\"og:image\" content=\"https:\/\/www.abidcars.com\/blog\/wp-content\/uploads\/2015\/07\/Promo.jpg\" \/>\n\t<meta property=\"og:image:width\" content=\"273\" \/>\n\t<meta property=\"og:image:height\" content=\"189\" \/>\n\t<meta property=\"og:image:type\" content=\"image\/jpeg\" \/>\n<meta name=\"author\" content=\"Mariam\" \/>\n<meta name=\"twitter:card\" content=\"summary_large_image\" \/>\n<meta name=\"twitter:creator\" content=\"@ABIDCARS\" \/>\n<meta name=\"twitter:site\" content=\"@ABIDCARS\" \/>\n<meta name=\"twitter:label1\" content=\"\u00c9crit par\" \/>\n\t<meta name=\"twitter:data1\" content=\"Mariam\" \/>\n<script type=\"application\/ld+json\" class=\"yoast-schema-graph\">{\"@context\":\"https:\\\/\\\/schema.org\",\"@graph\":[{\"@type\":\"Article\",\"@id\":\"https:\\\/\\\/www.abidcars.com\\\/blog\\\/promo-location-voiture-a-rabat-et-casablanca\\\/#article\",\"isPartOf\":{\"@id\":\"https:\\\/\\\/www.abidcars.com\\\/blog\\\/promo-location-voiture-a-rabat-et-casablanca\\\/\"},\"author\":{\"name\":\"Mariam\",\"@id\":\"https:\\\/\\\/www.abidcars.com\\\/blog\\\/#\\\/schema\\\/person\\\/fcbbcbcc98a6e3007072f0bec6e75937\"},\"headline\":\"Des voitures \u00e0 partir de 330dh \u00e0 Rabat et Casablanca!!\",\"datePublished\":\"2015-07-28T11:12:28+00:00\",\"dateModified\":\"2016-05-11T16:57:47+00:00\",\"mainEntityOfPage\":{\"@id\":\"https:\\\/\\\/www.abidcars.com\\\/blog\\\/promo-location-voiture-a-rabat-et-casablanca\\\/\"},\"wordCount\":86,\"commentCount\":0,\"publisher\":{\"@id\":\"https:\\\/\\\/www.abidcars.com\\\/blog\\\/#organization\"},\"image\":{\"@id\":\"https:\\\/\\\/www.abidcars.com\\\/blog\\\/promo-location-voiture-a-rabat-et-casablanca\\\/#primaryimage\"},\"thumbnailUrl\":\"https:\\\/\\\/www.abidcars.com\\\/blog\\\/wp-content\\\/uploads\\\/2015\\\/07\\\/Promo.jpg\",\"articleSection\":[\"Casablanca\",\"Fran\u00e7ais\",\"Rabat\"],\"inLanguage\":\"fr-FR\",\"potentialAction\":[{\"@type\":\"CommentAction\",\"name\":\"Comment\",\"target\":[\"https:\\\/\\\/www.abidcars.com\\\/blog\\\/promo-location-voiture-a-rabat-et-casablanca\\\/#respond\"]}]},{\"@type\":\"WebPage\",\"@id\":\"https:\\\/\\\/www.abidcars.com\\\/blog\\\/promo-location-voiture-a-rabat-et-casablanca\\\/\",\"url\":\"https:\\\/\\\/www.abidcars.com\\\/blog\\\/promo-location-voiture-a-rabat-et-casablanca\\\/\",\"name\":\"Des voitures \u00e0 partir de 330dh \u00e0 Rabat et Casablanca!! - Abid Cars Blog\",\"isPartOf\":{\"@id\":\"https:\\\/\\\/www.abidcars.com\\\/blog\\\/#website\"},\"primaryImageOfPage\":{\"@id\":\"https:\\\/\\\/www.abidcars.com\\\/blog\\\/promo-location-voiture-a-rabat-et-casablanca\\\/#primaryimage\"},\"image\":{\"@id\":\"https:\\\/\\\/www.abidcars.com\\\/blog\\\/promo-location-voiture-a-rabat-et-casablanca\\\/#primaryimage\"},\"thumbnailUrl\":\"https:\\\/\\\/www.abidcars.com\\\/blog\\\/wp-content\\\/uploads\\\/2015\\\/07\\\/Promo.jpg\",\"datePublished\":\"2015-07-28T11:12:28+00:00\",\"dateModified\":\"2016-05-11T16:57:47+00:00\",\"description\":\"Profitez des tarifs exceptionnels \u00e0 partir de 330 dh par jour lorsque vous louez votre voiture \u00e0 Rabat et Casablanca.\",\"breadcrumb\":{\"@id\":\"https:\\\/\\\/www.abidcars.com\\\/blog\\\/promo-location-voiture-a-rabat-et-casablanca\\\/#breadcrumb\"},\"inLanguage\":\"fr-FR\",\"potentialAction\":[{\"@type\":\"ReadAction\",\"target\":[\"https:\\\/\\\/www.abidcars.com\\\/blog\\\/promo-location-voiture-a-rabat-et-casablanca\\\/\"]}]},{\"@type\":\"ImageObject\",\"inLanguage\":\"fr-FR\",\"@id\":\"https:\\\/\\\/www.abidcars.com\\\/blog\\\/promo-location-voiture-a-rabat-et-casablanca\\\/#primaryimage\",\"url\":\"https:\\\/\\\/www.abidcars.com\\\/blog\\\/wp-content\\\/uploads\\\/2015\\\/07\\\/Promo.jpg\",\"contentUrl\":\"https:\\\/\\\/www.abidcars.com\\\/blog\\\/wp-content\\\/uploads\\\/2015\\\/07\\\/Promo.jpg\",\"width\":273,\"height\":189},{\"@type\":\"BreadcrumbList\",\"@id\":\"https:\\\/\\\/www.abidcars.com\\\/blog\\\/promo-location-voiture-a-rabat-et-casablanca\\\/#breadcrumb\",\"itemListElement\":[{\"@type\":\"ListItem\",\"position\":1,\"name\":\"Blog\",\"item\":\"https:\\\/\\\/www.abidcars.com\\\/blog\\\/\"},{\"@type\":\"ListItem\",\"position\":2,\"name\":\"Des voitures \u00e0 partir de 330dh \u00e0 Rabat et Casablanca!!\"}]},{\"@type\":\"WebSite\",\"@id\":\"https:\\\/\\\/www.abidcars.com\\\/blog\\\/#website\",\"url\":\"https:\\\/\\\/www.abidcars.com\\\/blog\\\/\",\"name\":\"Abid Cars Blog\",\"description\":\"Blog th\u00e9matique sur le Maroc, les voitures et la location des voitures au Maroc\",\"publisher\":{\"@id\":\"https:\\\/\\\/www.abidcars.com\\\/blog\\\/#organization\"},\"potentialAction\":[{\"@type\":\"SearchAction\",\"target\":{\"@type\":\"EntryPoint\",\"urlTemplate\":\"https:\\\/\\\/www.abidcars.com\\\/blog\\\/?s={search_term_string}\"},\"query-input\":{\"@type\":\"PropertyValueSpecification\",\"valueRequired\":true,\"valueName\":\"search_term_string\"}}],\"inLanguage\":\"fr-FR\"},{\"@type\":\"Organization\",\"@id\":\"https:\\\/\\\/www.abidcars.com\\\/blog\\\/#organization\",\"name\":\"Abid Cars Blog\",\"url\":\"https:\\\/\\\/www.abidcars.com\\\/blog\\\/\",\"logo\":{\"@type\":\"ImageObject\",\"inLanguage\":\"fr-FR\",\"@id\":\"https:\\\/\\\/www.abidcars.com\\\/blog\\\/#\\\/schema\\\/logo\\\/image\\\/\",\"url\":\"https:\\\/\\\/www.abidcars.com\\\/blog\\\/wp-content\\\/uploads\\\/2016\\\/05\\\/annif-logo-en.png\",\"contentUrl\":\"https:\\\/\\\/www.abidcars.com\\\/blog\\\/wp-content\\\/uploads\\\/2016\\\/05\\\/annif-logo-en.png\",\"width\":446,\"height\":133,\"caption\":\"Abid Cars Blog\"},\"image\":{\"@id\":\"https:\\\/\\\/www.abidcars.com\\\/blog\\\/#\\\/schema\\\/logo\\\/image\\\/\"},\"sameAs\":[\"https:\\\/\\\/www.facebook.com\\\/pages\\\/Abid-Cars-Location-de-voitures-au-Maroc-Car-rental-in-Morocco\\\/413704925369982\",\"https:\\\/\\\/x.com\\\/ABIDCARS\"]},{\"@type\":\"Person\",\"@id\":\"https:\\\/\\\/www.abidcars.com\\\/blog\\\/#\\\/schema\\\/person\\\/fcbbcbcc98a6e3007072f0bec6e75937\",\"name\":\"Mariam\",\"image\":{\"@type\":\"ImageObject\",\"inLanguage\":\"fr-FR\",\"@id\":\"https:\\\/\\\/secure.gravatar.com\\\/avatar\\\/6672d7c09d7ea789b57671810e6b3885117a7589638e50bde15fe09967b9f4b5?s=96&d=initials&r=g&initials=it\",\"url\":\"https:\\\/\\\/secure.gravatar.com\\\/avatar\\\/6672d7c09d7ea789b57671810e6b3885117a7589638e50bde15fe09967b9f4b5?s=96&d=initials&r=g&initials=it\",\"contentUrl\":\"https:\\\/\\\/secure.gravatar.com\\\/avatar\\\/6672d7c09d7ea789b57671810e6b3885117a7589638e50bde15fe09967b9f4b5?s=96&d=initials&r=g&initials=it\",\"caption\":\"Mariam\"},\"sameAs\":[\"http:\\\/\\\/www.t-t.ma\"],\"url\":\"https:\\\/\\\/www.abidcars.com\\\/blog\\\/author\\\/mzk-mariam\\\/\"}]}<\/script>\n<!-- \/ Yoast SEO plugin. -->","yoast_head_json":{"title":"Des voitures \u00e0 partir de 330dh \u00e0 Rabat et Casablanca!! - Abid Cars Blog","description":"Profitez des tarifs exceptionnels \u00e0 partir de 330 dh par jour lorsque vous louez votre voiture \u00e0 Rabat et Casablanca.","robots":{"index":"index","follow":"follow","max-snippet":"max-snippet:-1","max-image-preview":"max-image-preview:large","max-video-preview":"max-video-preview:-1"},"canonical":"https:\/\/www.abidcars.com\/blog\/promo-location-voiture-a-rabat-et-casablanca\/","og_locale":"fr_FR","og_type":"article","og_title":"Des voitures \u00e0 partir de 330dh \u00e0 Rabat et Casablanca!! - Abid Cars Blog","og_description":"Profitez des tarifs exceptionnels \u00e0 partir de 330 dh par jour lorsque vous louez votre voiture \u00e0 Rabat et Casablanca.","og_url":"https:\/\/www.abidcars.com\/blog\/promo-location-voiture-a-rabat-et-casablanca\/","og_site_name":"Abid Cars Blog","article_publisher":"https:\/\/www.facebook.com\/pages\/Abid-Cars-Location-de-voitures-au-Maroc-Car-rental-in-Morocco\/413704925369982","article_published_time":"2015-07-28T11:12:28+00:00","article_modified_time":"2016-05-11T16:57:47+00:00","og_image":[{"width":273,"height":189,"url":"https:\/\/www.abidcars.com\/blog\/wp-content\/uploads\/2015\/07\/Promo.jpg","type":"image\/jpeg"}],"author":"Mariam","twitter_card":"summary_large_image","twitter_creator":"@ABIDCARS","twitter_site":"@ABIDCARS","twitter_misc":{"\u00c9crit par":"Mariam"},"schema":{"@context":"https:\/\/schema.org","@graph":[{"@type":"Article","@id":"https:\/\/www.abidcars.com\/blog\/promo-location-voiture-a-rabat-et-casablanca\/#article","isPartOf":{"@id":"https:\/\/www.abidcars.com\/blog\/promo-location-voiture-a-rabat-et-casablanca\/"},"author":{"name":"Mariam","@id":"https:\/\/www.abidcars.com\/blog\/#\/schema\/person\/fcbbcbcc98a6e3007072f0bec6e75937"},"headline":"Des voitures \u00e0 partir de 330dh \u00e0 Rabat et Casablanca!!","datePublished":"2015-07-28T11:12:28+00:00","dateModified":"2016-05-11T16:57:47+00:00","mainEntityOfPage":{"@id":"https:\/\/www.abidcars.com\/blog\/promo-location-voiture-a-rabat-et-casablanca\/"},"wordCount":86,"commentCount":0,"publisher":{"@id":"https:\/\/www.abidcars.com\/blog\/#organization"},"image":{"@id":"https:\/\/www.abidcars.com\/blog\/promo-location-voiture-a-rabat-et-casablanca\/#primaryimage"},"thumbnailUrl":"https:\/\/www.abidcars.com\/blog\/wp-content\/uploads\/2015\/07\/Promo.jpg","articleSection":["Casablanca","Fran\u00e7ais","Rabat"],"inLanguage":"fr-FR","potentialAction":[{"@type":"CommentAction","name":"Comment","target":["https:\/\/www.abidcars.com\/blog\/promo-location-voiture-a-rabat-et-casablanca\/#respond"]}]},{"@type":"WebPage","@id":"https:\/\/www.abidcars.com\/blog\/promo-location-voiture-a-rabat-et-casablanca\/","url":"https:\/\/www.abidcars.com\/blog\/promo-location-voiture-a-rabat-et-casablanca\/","name":"Des voitures \u00e0 partir de 330dh \u00e0 Rabat et Casablanca!! - Abid Cars Blog","isPartOf":{"@id":"https:\/\/www.abidcars.com\/blog\/#website"},"primaryImageOfPage":{"@id":"https:\/\/www.abidcars.com\/blog\/promo-location-voiture-a-rabat-et-casablanca\/#primaryimage"},"image":{"@id":"https:\/\/www.abidcars.com\/blog\/promo-location-voiture-a-rabat-et-casablanca\/#primaryimage"},"thumbnailUrl":"https:\/\/www.abidcars.com\/blog\/wp-content\/uploads\/2015\/07\/Promo.jpg","datePublished":"2015-07-28T11:12:28+00:00","dateModified":"2016-05-11T16:57:47+00:00","description":"Profitez des tarifs exceptionnels \u00e0 partir de 330 dh par jour lorsque vous louez votre voiture \u00e0 Rabat et Casablanca.","breadcrumb":{"@id":"https:\/\/www.abidcars.com\/blog\/promo-location-voiture-a-rabat-et-casablanca\/#breadcrumb"},"inLanguage":"fr-FR","potentialAction":[{"@type":"ReadAction","target":["https:\/\/www.abidcars.com\/blog\/promo-location-voiture-a-rabat-et-casablanca\/"]}]},{"@type":"ImageObject","inLanguage":"fr-FR","@id":"https:\/\/www.abidcars.com\/blog\/promo-location-voiture-a-rabat-et-casablanca\/#primaryimage","url":"https:\/\/www.abidcars.com\/blog\/wp-content\/uploads\/2015\/07\/Promo.jpg","contentUrl":"https:\/\/www.abidcars.com\/blog\/wp-content\/uploads\/2015\/07\/Promo.jpg","width":273,"height":189},{"@type":"BreadcrumbList","@id":"https:\/\/www.abidcars.com\/blog\/promo-location-voiture-a-rabat-et-casablanca\/#breadcrumb","itemListElement":[{"@type":"ListItem","position":1,"name":"Blog","item":"https:\/\/www.abidcars.com\/blog\/"},{"@type":"ListItem","position":2,"name":"Des voitures \u00e0 partir de 330dh \u00e0 Rabat et Casablanca!!"}]},{"@type":"WebSite","@id":"https:\/\/www.abidcars.com\/blog\/#website","url":"https:\/\/www.abidcars.com\/blog\/","name":"Abid Cars Blog","description":"Blog th\u00e9matique sur le Maroc, les voitures et la location des voitures au Maroc","publisher":{"@id":"https:\/\/www.abidcars.com\/blog\/#organization"},"potentialAction":[{"@type":"SearchAction","target":{"@type":"EntryPoint","urlTemplate":"https:\/\/www.abidcars.com\/blog\/?s={search_term_string}"},"query-input":{"@type":"PropertyValueSpecification","valueRequired":true,"valueName":"search_term_string"}}],"inLanguage":"fr-FR"},{"@type":"Organization","@id":"https:\/\/www.abidcars.com\/blog\/#organization","name":"Abid Cars Blog","url":"https:\/\/www.abidcars.com\/blog\/","logo":{"@type":"ImageObject","inLanguage":"fr-FR","@id":"https:\/\/www.abidcars.com\/blog\/#\/schema\/logo\/image\/","url":"https:\/\/www.abidcars.com\/blog\/wp-content\/uploads\/2016\/05\/annif-logo-en.png","contentUrl":"https:\/\/www.abidcars.com\/blog\/wp-content\/uploads\/2016\/05\/annif-logo-en.png","width":446,"height":133,"caption":"Abid Cars Blog"},"image":{"@id":"https:\/\/www.abidcars.com\/blog\/#\/schema\/logo\/image\/"},"sameAs":["https:\/\/www.facebook.com\/pages\/Abid-Cars-Location-de-voitures-au-Maroc-Car-rental-in-Morocco\/413704925369982","https:\/\/x.com\/ABIDCARS"]},{"@type":"Person","@id":"https:\/\/www.abidcars.com\/blog\/#\/schema\/person\/fcbbcbcc98a6e3007072f0bec6e75937","name":"Mariam","image":{"@type":"ImageObject","inLanguage":"fr-FR","@id":"https:\/\/secure.gravatar.com\/avatar\/6672d7c09d7ea789b57671810e6b3885117a7589638e50bde15fe09967b9f4b5?s=96&d=initials&r=g&initials=it","url":"https:\/\/secure.gravatar.com\/avatar\/6672d7c09d7ea789b57671810e6b3885117a7589638e50bde15fe09967b9f4b5?s=96&d=initials&r=g&initials=it","contentUrl":"https:\/\/secure.gravatar.com\/avatar\/6672d7c09d7ea789b57671810e6b3885117a7589638e50bde15fe09967b9f4b5?s=96&d=initials&r=g&initials=it","caption":"Mariam"},"sameAs":["http:\/\/www.t-t.ma"],"url":"https:\/\/www.abidcars.com\/blog\/author\/mzk-mariam\/"}]}},"amp_enabled":true,"_links":{"self":[{"href":"https:\/\/www.abidcars.com\/blog\/wp-json\/wp\/v2\/posts\/678","targetHints":{"allow":["GET"]}}],"collection":[{"href":"https:\/\/www.abidcars.com\/blog\/wp-json\/wp\/v2\/posts"}],"about":[{"href":"https:\/\/www.abidcars.com\/blog\/wp-json\/wp\/v2\/types\/post"}],"author":[{"embeddable":true,"href":"https:\/\/www.abidcars.com\/blog\/wp-json\/wp\/v2\/users\/4"}],"replies":[{"embeddable":true,"href":"https:\/\/www.abidcars.com\/blog\/wp-json\/wp\/v2\/comments?post=678"}],"version-history":[{"count":7,"href":"https:\/\/www.abidcars.com\/blog\/wp-json\/wp\/v2\/posts\/678\/revisions"}],"predecessor-version":[{"id":688,"href":"https:\/\/www.abidcars.com\/blog\/wp-json\/wp\/v2\/posts\/678\/revisions\/688"}],"wp:featuredmedia":[{"embeddable":true,"href":"https:\/\/www.abidcars.com\/blog\/wp-json\/wp\/v2\/media\/868"}],"wp:attachment":[{"href":"https:\/\/www.abidcars.com\/blog\/wp-json\/wp\/v2\/media?parent=678"}],"wp:term":[{"taxonomy":"category","embeddable":true,"href":"https:\/\/www.abidcars.com\/blog\/wp-json\/wp\/v2\/categories?post=678"},{"taxonomy":"post_tag","embeddable":true,"href":"https:\/\/www.abidcars.com\/blog\/wp-json\/wp\/v2\/tags?post=678"}],"curies":[{"name":"wp","href":"https:\/\/api.w.org\/{rel}","templated":true}]}}