{"id":465,"date":"2015-03-02T12:32:45","date_gmt":"2015-03-02T11:32:45","guid":{"rendered":"https:\/\/www.abidcars.com\/blog\/?p=465"},"modified":"2015-09-09T09:16:16","modified_gmt":"2015-09-09T08:16:16","slug":"peugeot-308-voiture-de-lannee-2015-au-maroc","status":"publish","type":"post","link":"https:\/\/www.abidcars.com\/blog\/peugeot-308-voiture-de-lannee-2015-au-maroc\/","title":{"rendered":"Peugeot 308 : voiture de l\u2019ann\u00e9e 2015 au Maroc"},"content":{"rendered":"<p style=\"text-align: justify;\">Apr\u00e8s avoir remport\u00e9 le titre de \u00ab Voiture de l\u2019ann\u00e9e en Suisse \u00bb puis le titre de \u00ab Voiture europ\u00e9enne de l\u2019ann\u00e9e 2014 \u00bb, la Peugeot 308 a r\u00e9cemment \u00e9t\u00e9 \u00e9lue voiture de l&rsquo;ann\u00e9e 2015 au Maroc. Ce prix prestigieux a \u00e9t\u00e9 accord\u00e9 \u00e0 la marque le 27 janvier \u00e0 Casablanca, lors d&rsquo;une soir\u00e9e qui a r\u00e9uni des professionnels de l&rsquo;industrie automobile, des invit\u00e9s et les m\u00e9dias du royaume du Maroc.<!--more--><\/p>\n<p style=\"text-align: justify;\">La Peugeot 308, qui \u00e9tait en comp\u00e9tition avec le BMW S\u00e9rie 2 Coup\u00e9, BMW X4, Hyundai Elantra et Mercedes Classe C, a gagn\u00e9 le soutien du jury sp\u00e9cialiste du secteur automobile.<\/p>\n<p style=\"text-align: justify;\">Avec le vote du comit\u00e9 d&rsquo;organisation (compos\u00e9 de journalistes de Autonews &#8211; le premier magazine automobile dans le royaume &#8211; \u00a0d\u2019experts automobile et des professionnels de location longue dur\u00e9e) d&rsquo;une part et le grand public (via le vote par internet) d&rsquo;autre part, la nouvelle Peugeot 308 a \u00e9t\u00e9 d\u00e9cern\u00e9 \u00e0 l&rsquo;unanimit\u00e9 cette distinction nationale pour 2015.<\/p>\n<p style=\"text-align: justify;\">Avec plus de 230 000 ventes dans le monde entier depuis son lancement en septembre 2013, la Peugeot 308 poursuit sa \u201csuccess story\u201d avec son nouveau prix \u00ab Voiture de l&rsquo;ann\u00e9e 2015 \u00bb remport\u00e9 au Maroc.<\/p>\n<p style=\"text-align: justify;\">Dans le march\u00e9 automobile priv\u00e9 marocain de 122 000 v\u00e9hicules en 2014, Peugeot \u00e9tait en 5e place avec une part de 7,2 % du march\u00e9. La nouvelle Peugeot 308, il a \u00e9t\u00e9 lanc\u00e9 \u00e0 la fin de Janvier 2014, avec pr\u00e8s de 900 unit\u00e9s vendues en une si courte p\u00e9riode.<\/p>\n<p style=\"text-align: justify;\">Le prix de cette nouvelle berline audacieuse et raffin\u00e9e de Peugeot au Maroc commence \u00e0 partir de 192900 DH (environ 17870 \u20ac).<\/p>\n<p style=\"text-align: justify;\">\n","protected":false},"excerpt":{"rendered":"<p>Apr\u00e8s avoir remport\u00e9 le titre de \u00ab Voiture de l\u2019ann\u00e9e en Suisse [&hellip;]<\/p>\n","protected":false},"author":4,"featured_media":467,"comment_status":"open","ping_status":"open","sticky":false,"template":"","format":"standard","meta":{"footnotes":""},"categories":[96,97,44,26,2,45,98,22,99],"tags":[72,84],"class_list":["post-465","post","type-post","status-publish","format-standard","has-post-thumbnail","hentry","category-agadir","category-casablanca","category-divers","category-fes","category-fr","category-maroc","category-marrakech","category-rabat","category-tanger","tag-peugeot","tag-voiture-de-lannee"],"yoast_head":"<!-- This site is optimized with the Yoast SEO plugin v27.4 - https:\/\/yoast.com\/product\/yoast-seo-wordpress\/ -->\n<title>Peugeot 308 : voiture de l\u2019ann\u00e9e 2015 au Maroc - Abid Cars Blog<\/title>\n<meta name=\"description\" content=\"Peugeot 308 a r\u00e9cemment \u00e9t\u00e9 \u00e9lue voiture de l&#039;ann\u00e9e 2015 au Maroc. Ce prix prestigieux a \u00e9t\u00e9 accord\u00e9 \u00e0 la marque le 27 janvier \u00e0 ...\" \/>\n<meta name=\"robots\" content=\"index, follow, max-snippet:-1, max-image-preview:large, max-video-preview:-1\" \/>\n<link rel=\"canonical\" href=\"https:\/\/www.abidcars.com\/blog\/peugeot-308-voiture-de-lannee-2015-au-maroc\/\" \/>\n<meta property=\"og:locale\" content=\"fr_FR\" \/>\n<meta property=\"og:type\" content=\"article\" \/>\n<meta property=\"og:title\" content=\"Peugeot 308 : voiture de l\u2019ann\u00e9e 2015 au Maroc - Abid Cars Blog\" \/>\n<meta property=\"og:description\" content=\"Peugeot 308 a r\u00e9cemment \u00e9t\u00e9 \u00e9lue voiture de l&#039;ann\u00e9e 2015 au Maroc. Ce prix prestigieux a \u00e9t\u00e9 accord\u00e9 \u00e0 la marque le 27 janvier \u00e0 ...\" \/>\n<meta property=\"og:url\" content=\"https:\/\/www.abidcars.com\/blog\/peugeot-308-voiture-de-lannee-2015-au-maroc\/\" \/>\n<meta property=\"og:site_name\" content=\"Abid Cars Blog\" \/>\n<meta property=\"article:publisher\" content=\"https:\/\/www.facebook.com\/pages\/Abid-Cars-Location-de-voitures-au-Maroc-Car-rental-in-Morocco\/413704925369982\" \/>\n<meta property=\"article:published_time\" content=\"2015-03-02T11:32:45+00:00\" \/>\n<meta property=\"article:modified_time\" content=\"2015-09-09T08:16:16+00:00\" \/>\n<meta property=\"og:image\" content=\"https:\/\/www.abidcars.com\/blog\/wp-content\/uploads\/2015\/03\/Remise_de_prix_308_Maroc_01-2015.jpg\" \/>\n\t<meta property=\"og:image:width\" content=\"640\" \/>\n\t<meta property=\"og:image:height\" content=\"360\" \/>\n\t<meta property=\"og:image:type\" content=\"image\/jpeg\" \/>\n<meta name=\"author\" content=\"Mariam\" \/>\n<meta name=\"twitter:card\" content=\"summary_large_image\" \/>\n<meta name=\"twitter:creator\" content=\"@ABIDCARS\" \/>\n<meta name=\"twitter:site\" content=\"@ABIDCARS\" \/>\n<meta name=\"twitter:label1\" content=\"\u00c9crit par\" \/>\n\t<meta name=\"twitter:data1\" content=\"Mariam\" \/>\n\t<meta name=\"twitter:label2\" content=\"Dur\u00e9e de lecture estim\u00e9e\" \/>\n\t<meta name=\"twitter:data2\" content=\"1 minute\" \/>\n<script type=\"application\/ld+json\" class=\"yoast-schema-graph\">{\"@context\":\"https:\\\/\\\/schema.org\",\"@graph\":[{\"@type\":\"Article\",\"@id\":\"https:\\\/\\\/www.abidcars.com\\\/blog\\\/peugeot-308-voiture-de-lannee-2015-au-maroc\\\/#article\",\"isPartOf\":{\"@id\":\"https:\\\/\\\/www.abidcars.com\\\/blog\\\/peugeot-308-voiture-de-lannee-2015-au-maroc\\\/\"},\"author\":{\"name\":\"Mariam\",\"@id\":\"https:\\\/\\\/www.abidcars.com\\\/blog\\\/#\\\/schema\\\/person\\\/fcbbcbcc98a6e3007072f0bec6e75937\"},\"headline\":\"Peugeot 308 : voiture de l\u2019ann\u00e9e 2015 au Maroc\",\"datePublished\":\"2015-03-02T11:32:45+00:00\",\"dateModified\":\"2015-09-09T08:16:16+00:00\",\"mainEntityOfPage\":{\"@id\":\"https:\\\/\\\/www.abidcars.com\\\/blog\\\/peugeot-308-voiture-de-lannee-2015-au-maroc\\\/\"},\"wordCount\":271,\"commentCount\":1,\"publisher\":{\"@id\":\"https:\\\/\\\/www.abidcars.com\\\/blog\\\/#organization\"},\"image\":{\"@id\":\"https:\\\/\\\/www.abidcars.com\\\/blog\\\/peugeot-308-voiture-de-lannee-2015-au-maroc\\\/#primaryimage\"},\"thumbnailUrl\":\"https:\\\/\\\/www.abidcars.com\\\/blog\\\/wp-content\\\/uploads\\\/2015\\\/03\\\/Remise_de_prix_308_Maroc_01-2015.jpg\",\"keywords\":[\"Peugeot\",\"voiture de l'ann\u00e9e\"],\"articleSection\":[\"Agadir\",\"Casablanca\",\"Divers\",\"F\u00e8s\",\"Fran\u00e7ais\",\"Maroc\",\"Marrakech\",\"Rabat\",\"Tanger\"],\"inLanguage\":\"fr-FR\",\"potentialAction\":[{\"@type\":\"CommentAction\",\"name\":\"Comment\",\"target\":[\"https:\\\/\\\/www.abidcars.com\\\/blog\\\/peugeot-308-voiture-de-lannee-2015-au-maroc\\\/#respond\"]}]},{\"@type\":\"WebPage\",\"@id\":\"https:\\\/\\\/www.abidcars.com\\\/blog\\\/peugeot-308-voiture-de-lannee-2015-au-maroc\\\/\",\"url\":\"https:\\\/\\\/www.abidcars.com\\\/blog\\\/peugeot-308-voiture-de-lannee-2015-au-maroc\\\/\",\"name\":\"Peugeot 308 : voiture de l\u2019ann\u00e9e 2015 au Maroc - Abid Cars Blog\",\"isPartOf\":{\"@id\":\"https:\\\/\\\/www.abidcars.com\\\/blog\\\/#website\"},\"primaryImageOfPage\":{\"@id\":\"https:\\\/\\\/www.abidcars.com\\\/blog\\\/peugeot-308-voiture-de-lannee-2015-au-maroc\\\/#primaryimage\"},\"image\":{\"@id\":\"https:\\\/\\\/www.abidcars.com\\\/blog\\\/peugeot-308-voiture-de-lannee-2015-au-maroc\\\/#primaryimage\"},\"thumbnailUrl\":\"https:\\\/\\\/www.abidcars.com\\\/blog\\\/wp-content\\\/uploads\\\/2015\\\/03\\\/Remise_de_prix_308_Maroc_01-2015.jpg\",\"datePublished\":\"2015-03-02T11:32:45+00:00\",\"dateModified\":\"2015-09-09T08:16:16+00:00\",\"description\":\"Peugeot 308 a r\u00e9cemment \u00e9t\u00e9 \u00e9lue voiture de l'ann\u00e9e 2015 au Maroc. Ce prix prestigieux a \u00e9t\u00e9 accord\u00e9 \u00e0 la marque le 27 janvier \u00e0 ...\",\"breadcrumb\":{\"@id\":\"https:\\\/\\\/www.abidcars.com\\\/blog\\\/peugeot-308-voiture-de-lannee-2015-au-maroc\\\/#breadcrumb\"},\"inLanguage\":\"fr-FR\",\"potentialAction\":[{\"@type\":\"ReadAction\",\"target\":[\"https:\\\/\\\/www.abidcars.com\\\/blog\\\/peugeot-308-voiture-de-lannee-2015-au-maroc\\\/\"]}]},{\"@type\":\"ImageObject\",\"inLanguage\":\"fr-FR\",\"@id\":\"https:\\\/\\\/www.abidcars.com\\\/blog\\\/peugeot-308-voiture-de-lannee-2015-au-maroc\\\/#primaryimage\",\"url\":\"https:\\\/\\\/www.abidcars.com\\\/blog\\\/wp-content\\\/uploads\\\/2015\\\/03\\\/Remise_de_prix_308_Maroc_01-2015.jpg\",\"contentUrl\":\"https:\\\/\\\/www.abidcars.com\\\/blog\\\/wp-content\\\/uploads\\\/2015\\\/03\\\/Remise_de_prix_308_Maroc_01-2015.jpg\",\"width\":640,\"height\":360},{\"@type\":\"BreadcrumbList\",\"@id\":\"https:\\\/\\\/www.abidcars.com\\\/blog\\\/peugeot-308-voiture-de-lannee-2015-au-maroc\\\/#breadcrumb\",\"itemListElement\":[{\"@type\":\"ListItem\",\"position\":1,\"name\":\"Blog\",\"item\":\"https:\\\/\\\/www.abidcars.com\\\/blog\\\/\"},{\"@type\":\"ListItem\",\"position\":2,\"name\":\"Peugeot 308 : voiture de l\u2019ann\u00e9e 2015 au Maroc\"}]},{\"@type\":\"WebSite\",\"@id\":\"https:\\\/\\\/www.abidcars.com\\\/blog\\\/#website\",\"url\":\"https:\\\/\\\/www.abidcars.com\\\/blog\\\/\",\"name\":\"Abid Cars Blog\",\"description\":\"Blog th\u00e9matique sur le Maroc, les voitures et la location des voitures au Maroc\",\"publisher\":{\"@id\":\"https:\\\/\\\/www.abidcars.com\\\/blog\\\/#organization\"},\"potentialAction\":[{\"@type\":\"SearchAction\",\"target\":{\"@type\":\"EntryPoint\",\"urlTemplate\":\"https:\\\/\\\/www.abidcars.com\\\/blog\\\/?s={search_term_string}\"},\"query-input\":{\"@type\":\"PropertyValueSpecification\",\"valueRequired\":true,\"valueName\":\"search_term_string\"}}],\"inLanguage\":\"fr-FR\"},{\"@type\":\"Organization\",\"@id\":\"https:\\\/\\\/www.abidcars.com\\\/blog\\\/#organization\",\"name\":\"Abid Cars Blog\",\"url\":\"https:\\\/\\\/www.abidcars.com\\\/blog\\\/\",\"logo\":{\"@type\":\"ImageObject\",\"inLanguage\":\"fr-FR\",\"@id\":\"https:\\\/\\\/www.abidcars.com\\\/blog\\\/#\\\/schema\\\/logo\\\/image\\\/\",\"url\":\"https:\\\/\\\/www.abidcars.com\\\/blog\\\/wp-content\\\/uploads\\\/2016\\\/05\\\/annif-logo-en.png\",\"contentUrl\":\"https:\\\/\\\/www.abidcars.com\\\/blog\\\/wp-content\\\/uploads\\\/2016\\\/05\\\/annif-logo-en.png\",\"width\":446,\"height\":133,\"caption\":\"Abid Cars Blog\"},\"image\":{\"@id\":\"https:\\\/\\\/www.abidcars.com\\\/blog\\\/#\\\/schema\\\/logo\\\/image\\\/\"},\"sameAs\":[\"https:\\\/\\\/www.facebook.com\\\/pages\\\/Abid-Cars-Location-de-voitures-au-Maroc-Car-rental-in-Morocco\\\/413704925369982\",\"https:\\\/\\\/x.com\\\/ABIDCARS\"]},{\"@type\":\"Person\",\"@id\":\"https:\\\/\\\/www.abidcars.com\\\/blog\\\/#\\\/schema\\\/person\\\/fcbbcbcc98a6e3007072f0bec6e75937\",\"name\":\"Mariam\",\"image\":{\"@type\":\"ImageObject\",\"inLanguage\":\"fr-FR\",\"@id\":\"https:\\\/\\\/secure.gravatar.com\\\/avatar\\\/6672d7c09d7ea789b57671810e6b3885117a7589638e50bde15fe09967b9f4b5?s=96&d=initials&r=g&initials=it\",\"url\":\"https:\\\/\\\/secure.gravatar.com\\\/avatar\\\/6672d7c09d7ea789b57671810e6b3885117a7589638e50bde15fe09967b9f4b5?s=96&d=initials&r=g&initials=it\",\"contentUrl\":\"https:\\\/\\\/secure.gravatar.com\\\/avatar\\\/6672d7c09d7ea789b57671810e6b3885117a7589638e50bde15fe09967b9f4b5?s=96&d=initials&r=g&initials=it\",\"caption\":\"Mariam\"},\"sameAs\":[\"http:\\\/\\\/www.t-t.ma\"],\"url\":\"https:\\\/\\\/www.abidcars.com\\\/blog\\\/author\\\/mzk-mariam\\\/\"}]}<\/script>\n<!-- \/ Yoast SEO plugin. -->","yoast_head_json":{"title":"Peugeot 308 : voiture de l\u2019ann\u00e9e 2015 au Maroc - Abid Cars Blog","description":"Peugeot 308 a r\u00e9cemment \u00e9t\u00e9 \u00e9lue voiture de l'ann\u00e9e 2015 au Maroc. Ce prix prestigieux a \u00e9t\u00e9 accord\u00e9 \u00e0 la marque le 27 janvier \u00e0 ...","robots":{"index":"index","follow":"follow","max-snippet":"max-snippet:-1","max-image-preview":"max-image-preview:large","max-video-preview":"max-video-preview:-1"},"canonical":"https:\/\/www.abidcars.com\/blog\/peugeot-308-voiture-de-lannee-2015-au-maroc\/","og_locale":"fr_FR","og_type":"article","og_title":"Peugeot 308 : voiture de l\u2019ann\u00e9e 2015 au Maroc - Abid Cars Blog","og_description":"Peugeot 308 a r\u00e9cemment \u00e9t\u00e9 \u00e9lue voiture de l'ann\u00e9e 2015 au Maroc. Ce prix prestigieux a \u00e9t\u00e9 accord\u00e9 \u00e0 la marque le 27 janvier \u00e0 ...","og_url":"https:\/\/www.abidcars.com\/blog\/peugeot-308-voiture-de-lannee-2015-au-maroc\/","og_site_name":"Abid Cars Blog","article_publisher":"https:\/\/www.facebook.com\/pages\/Abid-Cars-Location-de-voitures-au-Maroc-Car-rental-in-Morocco\/413704925369982","article_published_time":"2015-03-02T11:32:45+00:00","article_modified_time":"2015-09-09T08:16:16+00:00","og_image":[{"width":640,"height":360,"url":"https:\/\/www.abidcars.com\/blog\/wp-content\/uploads\/2015\/03\/Remise_de_prix_308_Maroc_01-2015.jpg","type":"image\/jpeg"}],"author":"Mariam","twitter_card":"summary_large_image","twitter_creator":"@ABIDCARS","twitter_site":"@ABIDCARS","twitter_misc":{"\u00c9crit par":"Mariam","Dur\u00e9e de lecture estim\u00e9e":"1 minute"},"schema":{"@context":"https:\/\/schema.org","@graph":[{"@type":"Article","@id":"https:\/\/www.abidcars.com\/blog\/peugeot-308-voiture-de-lannee-2015-au-maroc\/#article","isPartOf":{"@id":"https:\/\/www.abidcars.com\/blog\/peugeot-308-voiture-de-lannee-2015-au-maroc\/"},"author":{"name":"Mariam","@id":"https:\/\/www.abidcars.com\/blog\/#\/schema\/person\/fcbbcbcc98a6e3007072f0bec6e75937"},"headline":"Peugeot 308 : voiture de l\u2019ann\u00e9e 2015 au Maroc","datePublished":"2015-03-02T11:32:45+00:00","dateModified":"2015-09-09T08:16:16+00:00","mainEntityOfPage":{"@id":"https:\/\/www.abidcars.com\/blog\/peugeot-308-voiture-de-lannee-2015-au-maroc\/"},"wordCount":271,"commentCount":1,"publisher":{"@id":"https:\/\/www.abidcars.com\/blog\/#organization"},"image":{"@id":"https:\/\/www.abidcars.com\/blog\/peugeot-308-voiture-de-lannee-2015-au-maroc\/#primaryimage"},"thumbnailUrl":"https:\/\/www.abidcars.com\/blog\/wp-content\/uploads\/2015\/03\/Remise_de_prix_308_Maroc_01-2015.jpg","keywords":["Peugeot","voiture de l'ann\u00e9e"],"articleSection":["Agadir","Casablanca","Divers","F\u00e8s","Fran\u00e7ais","Maroc","Marrakech","Rabat","Tanger"],"inLanguage":"fr-FR","potentialAction":[{"@type":"CommentAction","name":"Comment","target":["https:\/\/www.abidcars.com\/blog\/peugeot-308-voiture-de-lannee-2015-au-maroc\/#respond"]}]},{"@type":"WebPage","@id":"https:\/\/www.abidcars.com\/blog\/peugeot-308-voiture-de-lannee-2015-au-maroc\/","url":"https:\/\/www.abidcars.com\/blog\/peugeot-308-voiture-de-lannee-2015-au-maroc\/","name":"Peugeot 308 : voiture de l\u2019ann\u00e9e 2015 au Maroc - Abid Cars Blog","isPartOf":{"@id":"https:\/\/www.abidcars.com\/blog\/#website"},"primaryImageOfPage":{"@id":"https:\/\/www.abidcars.com\/blog\/peugeot-308-voiture-de-lannee-2015-au-maroc\/#primaryimage"},"image":{"@id":"https:\/\/www.abidcars.com\/blog\/peugeot-308-voiture-de-lannee-2015-au-maroc\/#primaryimage"},"thumbnailUrl":"https:\/\/www.abidcars.com\/blog\/wp-content\/uploads\/2015\/03\/Remise_de_prix_308_Maroc_01-2015.jpg","datePublished":"2015-03-02T11:32:45+00:00","dateModified":"2015-09-09T08:16:16+00:00","description":"Peugeot 308 a r\u00e9cemment \u00e9t\u00e9 \u00e9lue voiture de l'ann\u00e9e 2015 au Maroc. Ce prix prestigieux a \u00e9t\u00e9 accord\u00e9 \u00e0 la marque le 27 janvier \u00e0 ...","breadcrumb":{"@id":"https:\/\/www.abidcars.com\/blog\/peugeot-308-voiture-de-lannee-2015-au-maroc\/#breadcrumb"},"inLanguage":"fr-FR","potentialAction":[{"@type":"ReadAction","target":["https:\/\/www.abidcars.com\/blog\/peugeot-308-voiture-de-lannee-2015-au-maroc\/"]}]},{"@type":"ImageObject","inLanguage":"fr-FR","@id":"https:\/\/www.abidcars.com\/blog\/peugeot-308-voiture-de-lannee-2015-au-maroc\/#primaryimage","url":"https:\/\/www.abidcars.com\/blog\/wp-content\/uploads\/2015\/03\/Remise_de_prix_308_Maroc_01-2015.jpg","contentUrl":"https:\/\/www.abidcars.com\/blog\/wp-content\/uploads\/2015\/03\/Remise_de_prix_308_Maroc_01-2015.jpg","width":640,"height":360},{"@type":"BreadcrumbList","@id":"https:\/\/www.abidcars.com\/blog\/peugeot-308-voiture-de-lannee-2015-au-maroc\/#breadcrumb","itemListElement":[{"@type":"ListItem","position":1,"name":"Blog","item":"https:\/\/www.abidcars.com\/blog\/"},{"@type":"ListItem","position":2,"name":"Peugeot 308 : voiture de l\u2019ann\u00e9e 2015 au Maroc"}]},{"@type":"WebSite","@id":"https:\/\/www.abidcars.com\/blog\/#website","url":"https:\/\/www.abidcars.com\/blog\/","name":"Abid Cars Blog","description":"Blog th\u00e9matique sur le Maroc, les voitures et la location des voitures au Maroc","publisher":{"@id":"https:\/\/www.abidcars.com\/blog\/#organization"},"potentialAction":[{"@type":"SearchAction","target":{"@type":"EntryPoint","urlTemplate":"https:\/\/www.abidcars.com\/blog\/?s={search_term_string}"},"query-input":{"@type":"PropertyValueSpecification","valueRequired":true,"valueName":"search_term_string"}}],"inLanguage":"fr-FR"},{"@type":"Organization","@id":"https:\/\/www.abidcars.com\/blog\/#organization","name":"Abid Cars Blog","url":"https:\/\/www.abidcars.com\/blog\/","logo":{"@type":"ImageObject","inLanguage":"fr-FR","@id":"https:\/\/www.abidcars.com\/blog\/#\/schema\/logo\/image\/","url":"https:\/\/www.abidcars.com\/blog\/wp-content\/uploads\/2016\/05\/annif-logo-en.png","contentUrl":"https:\/\/www.abidcars.com\/blog\/wp-content\/uploads\/2016\/05\/annif-logo-en.png","width":446,"height":133,"caption":"Abid Cars Blog"},"image":{"@id":"https:\/\/www.abidcars.com\/blog\/#\/schema\/logo\/image\/"},"sameAs":["https:\/\/www.facebook.com\/pages\/Abid-Cars-Location-de-voitures-au-Maroc-Car-rental-in-Morocco\/413704925369982","https:\/\/x.com\/ABIDCARS"]},{"@type":"Person","@id":"https:\/\/www.abidcars.com\/blog\/#\/schema\/person\/fcbbcbcc98a6e3007072f0bec6e75937","name":"Mariam","image":{"@type":"ImageObject","inLanguage":"fr-FR","@id":"https:\/\/secure.gravatar.com\/avatar\/6672d7c09d7ea789b57671810e6b3885117a7589638e50bde15fe09967b9f4b5?s=96&d=initials&r=g&initials=it","url":"https:\/\/secure.gravatar.com\/avatar\/6672d7c09d7ea789b57671810e6b3885117a7589638e50bde15fe09967b9f4b5?s=96&d=initials&r=g&initials=it","contentUrl":"https:\/\/secure.gravatar.com\/avatar\/6672d7c09d7ea789b57671810e6b3885117a7589638e50bde15fe09967b9f4b5?s=96&d=initials&r=g&initials=it","caption":"Mariam"},"sameAs":["http:\/\/www.t-t.ma"],"url":"https:\/\/www.abidcars.com\/blog\/author\/mzk-mariam\/"}]}},"amp_enabled":true,"_links":{"self":[{"href":"https:\/\/www.abidcars.com\/blog\/wp-json\/wp\/v2\/posts\/465","targetHints":{"allow":["GET"]}}],"collection":[{"href":"https:\/\/www.abidcars.com\/blog\/wp-json\/wp\/v2\/posts"}],"about":[{"href":"https:\/\/www.abidcars.com\/blog\/wp-json\/wp\/v2\/types\/post"}],"author":[{"embeddable":true,"href":"https:\/\/www.abidcars.com\/blog\/wp-json\/wp\/v2\/users\/4"}],"replies":[{"embeddable":true,"href":"https:\/\/www.abidcars.com\/blog\/wp-json\/wp\/v2\/comments?post=465"}],"version-history":[{"count":3,"href":"https:\/\/www.abidcars.com\/blog\/wp-json\/wp\/v2\/posts\/465\/revisions"}],"predecessor-version":[{"id":469,"href":"https:\/\/www.abidcars.com\/blog\/wp-json\/wp\/v2\/posts\/465\/revisions\/469"}],"wp:featuredmedia":[{"embeddable":true,"href":"https:\/\/www.abidcars.com\/blog\/wp-json\/wp\/v2\/media\/467"}],"wp:attachment":[{"href":"https:\/\/www.abidcars.com\/blog\/wp-json\/wp\/v2\/media?parent=465"}],"wp:term":[{"taxonomy":"category","embeddable":true,"href":"https:\/\/www.abidcars.com\/blog\/wp-json\/wp\/v2\/categories?post=465"},{"taxonomy":"post_tag","embeddable":true,"href":"https:\/\/www.abidcars.com\/blog\/wp-json\/wp\/v2\/tags?post=465"}],"curies":[{"name":"wp","href":"https:\/\/api.w.org\/{rel}","templated":true}]}}