{"id":231,"date":"2014-07-26T13:09:29","date_gmt":"2014-07-26T12:09:29","guid":{"rendered":"http:\/\/www.abidcars.com\/blog\/?p=231"},"modified":"2015-10-13T15:58:24","modified_gmt":"2015-10-13T14:58:24","slug":"location-de-voiture-dacia-duster","status":"publish","type":"post","link":"https:\/\/www.abidcars.com\/blog\/location-de-voiture-dacia-duster\/","title":{"rendered":"Les voitures de location \u00e9conomiques au Maroc : Dacia Duster"},"content":{"rendered":"<p>Apr\u00e8s la Dacia Logan et la Dacia Sandero, le constructeur des v\u00e9hicules Dacia a encore frapp\u00e9 un grand coup en lan\u00e7ant la Dacia Duster, premier SUV compact \u00ab\u00a0low cost\u00a0\u00bb du march\u00e9 automobile.<\/p>\n<p>La marque roumaine Dacia est c\u00e9l\u00e8bre par sa fiabilit\u00e9 sans faille. Les voitures Dacia Logan et Dacia Sandero en sont des exemples typiques. Le Duster utilise une majorit\u00e9 des composants que l&rsquo;on retrouve chez le constructeur fran\u00e7ais Renault, et inaugure pourtant ce concept de SUV compact.<br \/>\n<a href=\"https:\/\/www.abidcars.com\/blog\/wp-content\/uploads\/2014\/07\/Dacia-Duster.jpg\"><img loading=\"lazy\" decoding=\"async\" class=\"wp-image-234  aligncenter\" src=\"https:\/\/www.abidcars.com\/blog\/wp-content\/uploads\/2014\/07\/Dacia-Duster.jpg\" alt=\"Dacia-Duster\" width=\"589\" height=\"392\" srcset=\"https:\/\/www.abidcars.com\/blog\/wp-content\/uploads\/2014\/07\/Dacia-Duster.jpg 1111w, https:\/\/www.abidcars.com\/blog\/wp-content\/uploads\/2014\/07\/Dacia-Duster-300x199.jpg 300w, https:\/\/www.abidcars.com\/blog\/wp-content\/uploads\/2014\/07\/Dacia-Duster-1024x682.jpg 1024w\" sizes=\"auto, (max-width: 589px) 100vw, 589px\" \/><\/a><\/p>\n<p>Le Duster est toujours un gros succ\u00e8s pour Dacia. Depuis son lancement en 2009, la Dacia Duster a s\u00e9duit plus de 900 000 acheteurs \u00e0 travers le monde (500 000 sous badge Dacia, 400 000 sous marque Renault), dont 150 000 en France, premier march\u00e9 pour le baroudeur. Et la tendance reste \u00e0 la hausse.<\/p>\n<p>Un succ\u00e8s international qui a fait du Dacia Duster le v\u00e9hicule du constructeur automobile fran\u00e7ais Renault le plus produit en 2013 !<\/p>\n<p>Les tarifs de la Dacia sont parmi les prix les plus bas du march\u00e9, surtout si l&rsquo;on consid\u00e8re que la Dacia Duster est un SUV. La p\u00e9riode th\u00e9orique d&rsquo;entretien du Duster est de 300 000 km ou bien 2 ans et le co\u00fbt d&rsquo;entretien est tr\u00e8s mod\u00e9r\u00e9.<\/p>\n<p>Sur la route, La Dacia Duster se conduit comme une Renault Clio\u00a0: facile, confortable, tr\u00e8s pratique, sans bavure..<\/p>\n<p>Le Duster est disponible en version 4&#215;2 et 4&#215;4, avec un moteur essence 1.6 16v ou un diesel 1.5 dCi en deux puissances 90 ch. et 110 ch.<br \/>\n<a href=\"https:\/\/www.abidcars.com\/blog\/wp-content\/uploads\/2014\/07\/duster-bord.jpg\"><img loading=\"lazy\" decoding=\"async\" class=\"wp-image-235  aligncenter\" src=\"https:\/\/www.abidcars.com\/blog\/wp-content\/uploads\/2014\/07\/duster-bord.jpg\" alt=\"duster-bord\" width=\"586\" height=\"391\" srcset=\"https:\/\/www.abidcars.com\/blog\/wp-content\/uploads\/2014\/07\/duster-bord.jpg 1600w, https:\/\/www.abidcars.com\/blog\/wp-content\/uploads\/2014\/07\/duster-bord-300x200.jpg 300w, https:\/\/www.abidcars.com\/blog\/wp-content\/uploads\/2014\/07\/duster-bord-1024x682.jpg 1024w\" sizes=\"auto, (max-width: 586px) 100vw, 586px\" \/><\/a><\/p>\n<p><strong>Consommation<\/strong><br \/>\nComme le reste de la gamme Dacia, le Duster ne propose pas de gros moteurs et sa consommation reste anormalement basse par rapport aux autres v\u00e9hicules de types 4&#215;4\u00a0:<br \/>\nLes Duster essences 1.6 et 16v (qui d\u00e9veloppent 110 ch.) ne sont pas voraces (7,5 litres d&rsquo;essence aux 100 km en cycle mixte) mais consomment s\u00fbrement plus que les Duster diesels (5,3 litres aux 100 km en cycle mixte). Ces derniers sont effectivement sobres, bien aid\u00e9s par le poids contenu dans la Dacia Duster(1.205 kg \u00e0 vide dans la version dCi 110 ch ), qui ne p\u00e8se pas plus lourd qu&rsquo;une Sandero ou une Renault Clio.<\/p>\n<p><strong>Habitacle<\/strong><br \/>\nL&rsquo;habitacle du v\u00e9hicule Duster ressemble \u00e0 celui des autres voitures de la marque Dacia, Logan et Sandero, avec une planche de bord tout en plastiques durs.<br \/>\nA l&rsquo;arri\u00e8re, Le Duster accueille les passagers dans de tr\u00e8s bonnes conditions d&rsquo;espace, l&rsquo;espace aux genoux et la garde au toit se montrent tr\u00e8s g\u00e9n\u00e9reux. La banquette est plus confortable et il y a \u00e9galement des aum\u00f4ni\u00e8res au dos des si\u00e8ges avant.<br \/>\nLe coffre du la voiture Duster offre environ 475 dm3 de volume de chargement avec des formes r\u00e9guli\u00e8res pratiques \u00e0 utiliser. le Duster permet \u00e9galement de lib\u00e9rer jusqu&rsquo;\u00e0 1.635 dm3 de volume de chargement en rabattant les dossiers de la banquette arri\u00e8re en 2\/3-1\/3.<br \/>\n<a href=\"https:\/\/www.abidcars.com\/blog\/wp-content\/uploads\/2014\/07\/duster-coffre.jpg\"><img loading=\"lazy\" decoding=\"async\" class=\"wp-image-236  aligncenter\" src=\"https:\/\/www.abidcars.com\/blog\/wp-content\/uploads\/2014\/07\/duster-coffre.jpg\" alt=\"duster-coffre\" width=\"598\" height=\"448\" srcset=\"https:\/\/www.abidcars.com\/blog\/wp-content\/uploads\/2014\/07\/duster-coffre.jpg 2048w, https:\/\/www.abidcars.com\/blog\/wp-content\/uploads\/2014\/07\/duster-coffre-200x150.jpg 200w, https:\/\/www.abidcars.com\/blog\/wp-content\/uploads\/2014\/07\/duster-coffre-300x225.jpg 300w, https:\/\/www.abidcars.com\/blog\/wp-content\/uploads\/2014\/07\/duster-coffre-1024x768.jpg 1024w\" sizes=\"auto, (max-width: 598px) 100vw, 598px\" \/><\/a><\/p>\n<p>Finalement, la Dacia Duster fait plus que convaincre. Styl\u00e9e, \u00e9conomique et pratique, elle brille aussi par une polyvalence hors du commun \u00e0 son prix.<\/p>\n<p><strong>R\u00e9server votre voiture de location Dacia Duster pour votre prochain voyage<\/strong><br \/>\nR\u00e9servez votre voiture de location Dacia Duster en ligne avec Abid Cars, et profitez de nos nombreux avantages\u00a0:<br \/>\nUne assistance 24 heures sur 24 et 7 jours sur 7.<br \/>\nUn kilom\u00e9trage illimit\u00e9.<br \/>\nLa possibilit\u00e9 de paiement par carte de cr\u00e9dit.<br \/>\nL&rsquo;annulation de la r\u00e9servation gratuite jusqu&rsquo;\u00e0 48h avant la prise en charge du v\u00e9hicule lou\u00e9.<br \/>\nLa restitution et la livraison est gratuite entre 8h00 et 20h00, aux h\u00f4tels et aux a\u00e9roports desservis par nos agences\u00a0:<br \/>\nA\u00e9roport international Mohammed V de Casablanca<br \/>\nA\u00e9roport international Al Menara de Marrakech<br \/>\nA\u00e9roport international Al Massira d&rsquo;Agadir<br \/>\nA\u00e9roport international de Rabat Sal\u00e9<br \/>\nA\u00e9roport international Ibn Battouta de Tanger<br \/>\nA\u00e9roport international de F\u00e8s Saiss<\/p>\n<p><strong>Parc automobile diversifi\u00e9 et bien \u00e9quip\u00e9s \u00e0 votre disposition chez Abid Cars:<\/strong><br \/>\nAvec une flotte de voitures de location vari\u00e9e, climatis\u00e9e et bien entretenue, l&rsquo;agence de location de voiture Abid Cars a forc\u00e9ment la voiture de location qui vous convient au prix le plus bas sur le march\u00e9. Tous nos v\u00e9hicules de location sont bien \u00e9quip\u00e9s pour que vous puissiez profiter agr\u00e9ablement de votre s\u00e9jour au Maroc et rendre la location de votre voiture facile et accessible \u00e0 tout moment.<\/p>\n","protected":false},"excerpt":{"rendered":"<p>Apr\u00e8s la Dacia Logan et la Dacia Sandero, le constructeur des v\u00e9hicules [&hellip;]<\/p>\n","protected":false},"author":2,"featured_media":233,"comment_status":"open","ping_status":"open","sticky":false,"template":"","format":"standard","meta":{"footnotes":""},"categories":[96,97,26,2,98,22,99],"tags":[39,21],"class_list":["post-231","post","type-post","status-publish","format-standard","has-post-thumbnail","hentry","category-agadir","category-casablanca","category-fes","category-fr","category-marrakech","category-rabat","category-tanger","tag-dacia-duster","tag-location-voiture-economique"],"yoast_head":"<!-- This site is optimized with the Yoast SEO plugin v27.4 - https:\/\/yoast.com\/product\/yoast-seo-wordpress\/ -->\n<title>Les voitures de location \u00e9conomiques au Maroc : Dacia Duster - Abid Cars Blog<\/title>\n<meta name=\"description\" content=\"Dacia Duster, premier SUV compact &quot;low cost&quot; du march\u00e9 automobile.\" \/>\n<meta name=\"robots\" content=\"index, follow, max-snippet:-1, max-image-preview:large, max-video-preview:-1\" \/>\n<link rel=\"canonical\" href=\"https:\/\/www.abidcars.com\/blog\/location-de-voiture-dacia-duster\/\" \/>\n<meta property=\"og:locale\" content=\"fr_FR\" \/>\n<meta property=\"og:type\" content=\"article\" \/>\n<meta property=\"og:title\" content=\"Les voitures de location \u00e9conomiques au Maroc : Dacia Duster - Abid Cars Blog\" \/>\n<meta property=\"og:description\" content=\"Dacia Duster, premier SUV compact &quot;low cost&quot; du march\u00e9 automobile.\" \/>\n<meta property=\"og:url\" content=\"https:\/\/www.abidcars.com\/blog\/location-de-voiture-dacia-duster\/\" \/>\n<meta property=\"og:site_name\" content=\"Abid Cars Blog\" \/>\n<meta property=\"article:publisher\" content=\"https:\/\/www.facebook.com\/pages\/Abid-Cars-Location-de-voitures-au-Maroc-Car-rental-in-Morocco\/413704925369982\" \/>\n<meta property=\"article:published_time\" content=\"2014-07-26T12:09:29+00:00\" \/>\n<meta property=\"article:modified_time\" content=\"2015-10-13T14:58:24+00:00\" \/>\n<meta property=\"og:image\" content=\"https:\/\/www.abidcars.com\/blog\/wp-content\/uploads\/2014\/07\/duster.jpg\" \/>\n\t<meta property=\"og:image:width\" content=\"1024\" \/>\n\t<meta property=\"og:image:height\" content=\"675\" \/>\n\t<meta property=\"og:image:type\" content=\"image\/jpeg\" \/>\n<meta name=\"author\" content=\"Nadia\" \/>\n<meta name=\"twitter:card\" content=\"summary_large_image\" \/>\n<meta name=\"twitter:creator\" content=\"@ABIDCARS\" \/>\n<meta name=\"twitter:site\" content=\"@ABIDCARS\" \/>\n<meta name=\"twitter:label1\" content=\"\u00c9crit par\" \/>\n\t<meta name=\"twitter:data1\" content=\"Nadia\" \/>\n\t<meta name=\"twitter:label2\" content=\"Dur\u00e9e de lecture estim\u00e9e\" \/>\n\t<meta name=\"twitter:data2\" content=\"4 minutes\" \/>\n<script type=\"application\/ld+json\" class=\"yoast-schema-graph\">{\"@context\":\"https:\\\/\\\/schema.org\",\"@graph\":[{\"@type\":\"Article\",\"@id\":\"https:\\\/\\\/www.abidcars.com\\\/blog\\\/location-de-voiture-dacia-duster\\\/#article\",\"isPartOf\":{\"@id\":\"https:\\\/\\\/www.abidcars.com\\\/blog\\\/location-de-voiture-dacia-duster\\\/\"},\"author\":{\"name\":\"Nadia\",\"@id\":\"https:\\\/\\\/www.abidcars.com\\\/blog\\\/#\\\/schema\\\/person\\\/909cf4f255d0bc68c11724d4d1bf188c\"},\"headline\":\"Les voitures de location \u00e9conomiques au Maroc : Dacia Duster\",\"datePublished\":\"2014-07-26T12:09:29+00:00\",\"dateModified\":\"2015-10-13T14:58:24+00:00\",\"mainEntityOfPage\":{\"@id\":\"https:\\\/\\\/www.abidcars.com\\\/blog\\\/location-de-voiture-dacia-duster\\\/\"},\"wordCount\":732,\"commentCount\":4,\"publisher\":{\"@id\":\"https:\\\/\\\/www.abidcars.com\\\/blog\\\/#organization\"},\"image\":{\"@id\":\"https:\\\/\\\/www.abidcars.com\\\/blog\\\/location-de-voiture-dacia-duster\\\/#primaryimage\"},\"thumbnailUrl\":\"https:\\\/\\\/www.abidcars.com\\\/blog\\\/wp-content\\\/uploads\\\/2014\\\/07\\\/duster.jpg\",\"keywords\":[\"dacia duster\",\"location voiture \u00e9conomique\"],\"articleSection\":[\"Agadir\",\"Casablanca\",\"F\u00e8s\",\"Fran\u00e7ais\",\"Marrakech\",\"Rabat\",\"Tanger\"],\"inLanguage\":\"fr-FR\",\"potentialAction\":[{\"@type\":\"CommentAction\",\"name\":\"Comment\",\"target\":[\"https:\\\/\\\/www.abidcars.com\\\/blog\\\/location-de-voiture-dacia-duster\\\/#respond\"]}]},{\"@type\":\"WebPage\",\"@id\":\"https:\\\/\\\/www.abidcars.com\\\/blog\\\/location-de-voiture-dacia-duster\\\/\",\"url\":\"https:\\\/\\\/www.abidcars.com\\\/blog\\\/location-de-voiture-dacia-duster\\\/\",\"name\":\"Les voitures de location \u00e9conomiques au Maroc : Dacia Duster - Abid Cars Blog\",\"isPartOf\":{\"@id\":\"https:\\\/\\\/www.abidcars.com\\\/blog\\\/#website\"},\"primaryImageOfPage\":{\"@id\":\"https:\\\/\\\/www.abidcars.com\\\/blog\\\/location-de-voiture-dacia-duster\\\/#primaryimage\"},\"image\":{\"@id\":\"https:\\\/\\\/www.abidcars.com\\\/blog\\\/location-de-voiture-dacia-duster\\\/#primaryimage\"},\"thumbnailUrl\":\"https:\\\/\\\/www.abidcars.com\\\/blog\\\/wp-content\\\/uploads\\\/2014\\\/07\\\/duster.jpg\",\"datePublished\":\"2014-07-26T12:09:29+00:00\",\"dateModified\":\"2015-10-13T14:58:24+00:00\",\"description\":\"Dacia Duster, premier SUV compact \\\"low cost\\\" du march\u00e9 automobile.\",\"breadcrumb\":{\"@id\":\"https:\\\/\\\/www.abidcars.com\\\/blog\\\/location-de-voiture-dacia-duster\\\/#breadcrumb\"},\"inLanguage\":\"fr-FR\",\"potentialAction\":[{\"@type\":\"ReadAction\",\"target\":[\"https:\\\/\\\/www.abidcars.com\\\/blog\\\/location-de-voiture-dacia-duster\\\/\"]}]},{\"@type\":\"ImageObject\",\"inLanguage\":\"fr-FR\",\"@id\":\"https:\\\/\\\/www.abidcars.com\\\/blog\\\/location-de-voiture-dacia-duster\\\/#primaryimage\",\"url\":\"https:\\\/\\\/www.abidcars.com\\\/blog\\\/wp-content\\\/uploads\\\/2014\\\/07\\\/duster.jpg\",\"contentUrl\":\"https:\\\/\\\/www.abidcars.com\\\/blog\\\/wp-content\\\/uploads\\\/2014\\\/07\\\/duster.jpg\",\"width\":1024,\"height\":675},{\"@type\":\"BreadcrumbList\",\"@id\":\"https:\\\/\\\/www.abidcars.com\\\/blog\\\/location-de-voiture-dacia-duster\\\/#breadcrumb\",\"itemListElement\":[{\"@type\":\"ListItem\",\"position\":1,\"name\":\"Blog\",\"item\":\"https:\\\/\\\/www.abidcars.com\\\/blog\\\/\"},{\"@type\":\"ListItem\",\"position\":2,\"name\":\"Les voitures de location \u00e9conomiques au Maroc : Dacia Duster\"}]},{\"@type\":\"WebSite\",\"@id\":\"https:\\\/\\\/www.abidcars.com\\\/blog\\\/#website\",\"url\":\"https:\\\/\\\/www.abidcars.com\\\/blog\\\/\",\"name\":\"Abid Cars Blog\",\"description\":\"Blog th\u00e9matique sur le Maroc, les voitures et la location des voitures au Maroc\",\"publisher\":{\"@id\":\"https:\\\/\\\/www.abidcars.com\\\/blog\\\/#organization\"},\"potentialAction\":[{\"@type\":\"SearchAction\",\"target\":{\"@type\":\"EntryPoint\",\"urlTemplate\":\"https:\\\/\\\/www.abidcars.com\\\/blog\\\/?s={search_term_string}\"},\"query-input\":{\"@type\":\"PropertyValueSpecification\",\"valueRequired\":true,\"valueName\":\"search_term_string\"}}],\"inLanguage\":\"fr-FR\"},{\"@type\":\"Organization\",\"@id\":\"https:\\\/\\\/www.abidcars.com\\\/blog\\\/#organization\",\"name\":\"Abid Cars Blog\",\"url\":\"https:\\\/\\\/www.abidcars.com\\\/blog\\\/\",\"logo\":{\"@type\":\"ImageObject\",\"inLanguage\":\"fr-FR\",\"@id\":\"https:\\\/\\\/www.abidcars.com\\\/blog\\\/#\\\/schema\\\/logo\\\/image\\\/\",\"url\":\"https:\\\/\\\/www.abidcars.com\\\/blog\\\/wp-content\\\/uploads\\\/2016\\\/05\\\/annif-logo-en.png\",\"contentUrl\":\"https:\\\/\\\/www.abidcars.com\\\/blog\\\/wp-content\\\/uploads\\\/2016\\\/05\\\/annif-logo-en.png\",\"width\":446,\"height\":133,\"caption\":\"Abid Cars Blog\"},\"image\":{\"@id\":\"https:\\\/\\\/www.abidcars.com\\\/blog\\\/#\\\/schema\\\/logo\\\/image\\\/\"},\"sameAs\":[\"https:\\\/\\\/www.facebook.com\\\/pages\\\/Abid-Cars-Location-de-voitures-au-Maroc-Car-rental-in-Morocco\\\/413704925369982\",\"https:\\\/\\\/x.com\\\/ABIDCARS\"]},{\"@type\":\"Person\",\"@id\":\"https:\\\/\\\/www.abidcars.com\\\/blog\\\/#\\\/schema\\\/person\\\/909cf4f255d0bc68c11724d4d1bf188c\",\"name\":\"Nadia\",\"image\":{\"@type\":\"ImageObject\",\"inLanguage\":\"fr-FR\",\"@id\":\"https:\\\/\\\/secure.gravatar.com\\\/avatar\\\/7404726da711f343bf00c6c3bcea4e7812fe9ace5f67b3f1bf9cb2b59dc0d501?s=96&d=initials&r=g&initials=en\",\"url\":\"https:\\\/\\\/secure.gravatar.com\\\/avatar\\\/7404726da711f343bf00c6c3bcea4e7812fe9ace5f67b3f1bf9cb2b59dc0d501?s=96&d=initials&r=g&initials=en\",\"contentUrl\":\"https:\\\/\\\/secure.gravatar.com\\\/avatar\\\/7404726da711f343bf00c6c3bcea4e7812fe9ace5f67b3f1bf9cb2b59dc0d501?s=96&d=initials&r=g&initials=en\",\"caption\":\"Nadia\"},\"description\":\"R\u00e9dactrice blogueuse et webmaster chez TECHNOLOGY &amp; TELECOM\",\"sameAs\":[\"http:\\\/\\\/www.abidcars.com\"],\"url\":\"https:\\\/\\\/www.abidcars.com\\\/blog\\\/author\\\/ei-nadia\\\/\"}]}<\/script>\n<!-- \/ Yoast SEO plugin. -->","yoast_head_json":{"title":"Les voitures de location \u00e9conomiques au Maroc : Dacia Duster - Abid Cars Blog","description":"Dacia Duster, premier SUV compact \"low cost\" du march\u00e9 automobile.","robots":{"index":"index","follow":"follow","max-snippet":"max-snippet:-1","max-image-preview":"max-image-preview:large","max-video-preview":"max-video-preview:-1"},"canonical":"https:\/\/www.abidcars.com\/blog\/location-de-voiture-dacia-duster\/","og_locale":"fr_FR","og_type":"article","og_title":"Les voitures de location \u00e9conomiques au Maroc : Dacia Duster - Abid Cars Blog","og_description":"Dacia Duster, premier SUV compact \"low cost\" du march\u00e9 automobile.","og_url":"https:\/\/www.abidcars.com\/blog\/location-de-voiture-dacia-duster\/","og_site_name":"Abid Cars Blog","article_publisher":"https:\/\/www.facebook.com\/pages\/Abid-Cars-Location-de-voitures-au-Maroc-Car-rental-in-Morocco\/413704925369982","article_published_time":"2014-07-26T12:09:29+00:00","article_modified_time":"2015-10-13T14:58:24+00:00","og_image":[{"width":1024,"height":675,"url":"https:\/\/www.abidcars.com\/blog\/wp-content\/uploads\/2014\/07\/duster.jpg","type":"image\/jpeg"}],"author":"Nadia","twitter_card":"summary_large_image","twitter_creator":"@ABIDCARS","twitter_site":"@ABIDCARS","twitter_misc":{"\u00c9crit par":"Nadia","Dur\u00e9e de lecture estim\u00e9e":"4 minutes"},"schema":{"@context":"https:\/\/schema.org","@graph":[{"@type":"Article","@id":"https:\/\/www.abidcars.com\/blog\/location-de-voiture-dacia-duster\/#article","isPartOf":{"@id":"https:\/\/www.abidcars.com\/blog\/location-de-voiture-dacia-duster\/"},"author":{"name":"Nadia","@id":"https:\/\/www.abidcars.com\/blog\/#\/schema\/person\/909cf4f255d0bc68c11724d4d1bf188c"},"headline":"Les voitures de location \u00e9conomiques au Maroc : Dacia Duster","datePublished":"2014-07-26T12:09:29+00:00","dateModified":"2015-10-13T14:58:24+00:00","mainEntityOfPage":{"@id":"https:\/\/www.abidcars.com\/blog\/location-de-voiture-dacia-duster\/"},"wordCount":732,"commentCount":4,"publisher":{"@id":"https:\/\/www.abidcars.com\/blog\/#organization"},"image":{"@id":"https:\/\/www.abidcars.com\/blog\/location-de-voiture-dacia-duster\/#primaryimage"},"thumbnailUrl":"https:\/\/www.abidcars.com\/blog\/wp-content\/uploads\/2014\/07\/duster.jpg","keywords":["dacia duster","location voiture \u00e9conomique"],"articleSection":["Agadir","Casablanca","F\u00e8s","Fran\u00e7ais","Marrakech","Rabat","Tanger"],"inLanguage":"fr-FR","potentialAction":[{"@type":"CommentAction","name":"Comment","target":["https:\/\/www.abidcars.com\/blog\/location-de-voiture-dacia-duster\/#respond"]}]},{"@type":"WebPage","@id":"https:\/\/www.abidcars.com\/blog\/location-de-voiture-dacia-duster\/","url":"https:\/\/www.abidcars.com\/blog\/location-de-voiture-dacia-duster\/","name":"Les voitures de location \u00e9conomiques au Maroc : Dacia Duster - Abid Cars Blog","isPartOf":{"@id":"https:\/\/www.abidcars.com\/blog\/#website"},"primaryImageOfPage":{"@id":"https:\/\/www.abidcars.com\/blog\/location-de-voiture-dacia-duster\/#primaryimage"},"image":{"@id":"https:\/\/www.abidcars.com\/blog\/location-de-voiture-dacia-duster\/#primaryimage"},"thumbnailUrl":"https:\/\/www.abidcars.com\/blog\/wp-content\/uploads\/2014\/07\/duster.jpg","datePublished":"2014-07-26T12:09:29+00:00","dateModified":"2015-10-13T14:58:24+00:00","description":"Dacia Duster, premier SUV compact \"low cost\" du march\u00e9 automobile.","breadcrumb":{"@id":"https:\/\/www.abidcars.com\/blog\/location-de-voiture-dacia-duster\/#breadcrumb"},"inLanguage":"fr-FR","potentialAction":[{"@type":"ReadAction","target":["https:\/\/www.abidcars.com\/blog\/location-de-voiture-dacia-duster\/"]}]},{"@type":"ImageObject","inLanguage":"fr-FR","@id":"https:\/\/www.abidcars.com\/blog\/location-de-voiture-dacia-duster\/#primaryimage","url":"https:\/\/www.abidcars.com\/blog\/wp-content\/uploads\/2014\/07\/duster.jpg","contentUrl":"https:\/\/www.abidcars.com\/blog\/wp-content\/uploads\/2014\/07\/duster.jpg","width":1024,"height":675},{"@type":"BreadcrumbList","@id":"https:\/\/www.abidcars.com\/blog\/location-de-voiture-dacia-duster\/#breadcrumb","itemListElement":[{"@type":"ListItem","position":1,"name":"Blog","item":"https:\/\/www.abidcars.com\/blog\/"},{"@type":"ListItem","position":2,"name":"Les voitures de location \u00e9conomiques au Maroc : Dacia Duster"}]},{"@type":"WebSite","@id":"https:\/\/www.abidcars.com\/blog\/#website","url":"https:\/\/www.abidcars.com\/blog\/","name":"Abid Cars Blog","description":"Blog th\u00e9matique sur le Maroc, les voitures et la location des voitures au Maroc","publisher":{"@id":"https:\/\/www.abidcars.com\/blog\/#organization"},"potentialAction":[{"@type":"SearchAction","target":{"@type":"EntryPoint","urlTemplate":"https:\/\/www.abidcars.com\/blog\/?s={search_term_string}"},"query-input":{"@type":"PropertyValueSpecification","valueRequired":true,"valueName":"search_term_string"}}],"inLanguage":"fr-FR"},{"@type":"Organization","@id":"https:\/\/www.abidcars.com\/blog\/#organization","name":"Abid Cars Blog","url":"https:\/\/www.abidcars.com\/blog\/","logo":{"@type":"ImageObject","inLanguage":"fr-FR","@id":"https:\/\/www.abidcars.com\/blog\/#\/schema\/logo\/image\/","url":"https:\/\/www.abidcars.com\/blog\/wp-content\/uploads\/2016\/05\/annif-logo-en.png","contentUrl":"https:\/\/www.abidcars.com\/blog\/wp-content\/uploads\/2016\/05\/annif-logo-en.png","width":446,"height":133,"caption":"Abid Cars Blog"},"image":{"@id":"https:\/\/www.abidcars.com\/blog\/#\/schema\/logo\/image\/"},"sameAs":["https:\/\/www.facebook.com\/pages\/Abid-Cars-Location-de-voitures-au-Maroc-Car-rental-in-Morocco\/413704925369982","https:\/\/x.com\/ABIDCARS"]},{"@type":"Person","@id":"https:\/\/www.abidcars.com\/blog\/#\/schema\/person\/909cf4f255d0bc68c11724d4d1bf188c","name":"Nadia","image":{"@type":"ImageObject","inLanguage":"fr-FR","@id":"https:\/\/secure.gravatar.com\/avatar\/7404726da711f343bf00c6c3bcea4e7812fe9ace5f67b3f1bf9cb2b59dc0d501?s=96&d=initials&r=g&initials=en","url":"https:\/\/secure.gravatar.com\/avatar\/7404726da711f343bf00c6c3bcea4e7812fe9ace5f67b3f1bf9cb2b59dc0d501?s=96&d=initials&r=g&initials=en","contentUrl":"https:\/\/secure.gravatar.com\/avatar\/7404726da711f343bf00c6c3bcea4e7812fe9ace5f67b3f1bf9cb2b59dc0d501?s=96&d=initials&r=g&initials=en","caption":"Nadia"},"description":"R\u00e9dactrice blogueuse et webmaster chez TECHNOLOGY &amp; TELECOM","sameAs":["http:\/\/www.abidcars.com"],"url":"https:\/\/www.abidcars.com\/blog\/author\/ei-nadia\/"}]}},"amp_enabled":true,"_links":{"self":[{"href":"https:\/\/www.abidcars.com\/blog\/wp-json\/wp\/v2\/posts\/231","targetHints":{"allow":["GET"]}}],"collection":[{"href":"https:\/\/www.abidcars.com\/blog\/wp-json\/wp\/v2\/posts"}],"about":[{"href":"https:\/\/www.abidcars.com\/blog\/wp-json\/wp\/v2\/types\/post"}],"author":[{"embeddable":true,"href":"https:\/\/www.abidcars.com\/blog\/wp-json\/wp\/v2\/users\/2"}],"replies":[{"embeddable":true,"href":"https:\/\/www.abidcars.com\/blog\/wp-json\/wp\/v2\/comments?post=231"}],"version-history":[{"count":7,"href":"https:\/\/www.abidcars.com\/blog\/wp-json\/wp\/v2\/posts\/231\/revisions"}],"predecessor-version":[{"id":807,"href":"https:\/\/www.abidcars.com\/blog\/wp-json\/wp\/v2\/posts\/231\/revisions\/807"}],"wp:featuredmedia":[{"embeddable":true,"href":"https:\/\/www.abidcars.com\/blog\/wp-json\/wp\/v2\/media\/233"}],"wp:attachment":[{"href":"https:\/\/www.abidcars.com\/blog\/wp-json\/wp\/v2\/media?parent=231"}],"wp:term":[{"taxonomy":"category","embeddable":true,"href":"https:\/\/www.abidcars.com\/blog\/wp-json\/wp\/v2\/categories?post=231"},{"taxonomy":"post_tag","embeddable":true,"href":"https:\/\/www.abidcars.com\/blog\/wp-json\/wp\/v2\/tags?post=231"}],"curies":[{"name":"wp","href":"https:\/\/api.w.org\/{rel}","templated":true}]}}