{"id":1165,"date":"2023-11-01T15:12:31","date_gmt":"2023-11-01T14:12:31","guid":{"rendered":"https:\/\/www.abidcars.com\/blog\/?p=1165"},"modified":"2023-11-13T12:33:07","modified_gmt":"2023-11-13T11:33:07","slug":"la-coupe-de-lafrique-des-nations-2025-au-maroc-une-fete-du-football-et-de-la-location-de-voiture-avec-abid-cars","status":"publish","type":"post","link":"https:\/\/www.abidcars.com\/blog\/la-coupe-de-lafrique-des-nations-2025-au-maroc-une-fete-du-football-et-de-la-location-de-voiture-avec-abid-cars\/","title":{"rendered":"La Coupe de l&rsquo;Afrique des Nations 2025 au Maroc : Une f\u00eate du football et de la Location de Voiture avec Abid Cars"},"content":{"rendered":"\n<p>La <strong>Coupe de l&rsquo;Afrique des Nations<\/strong> (CAN) est l&rsquo;un des tournois de football les plus prestigieux du continent africain. Organis\u00e9e par la Conf\u00e9d\u00e9ration Africaine de Football (CAF), cette comp\u00e9tition r\u00e9unit les meilleures \u00e9quipes nationales d&rsquo;Afrique tous les quatre ans. En 2025, le Maroc a \u00e9t\u00e9 choisi pour accueillir cet \u00e9v\u00e9nement majeur. Cette d\u00e9cision marque la cinqui\u00e8me fois que le Maroc est l&rsquo;h\u00f4te de la CAN, et le pays est pr\u00eat \u00e0 offrir au monde du football une comp\u00e9tition m\u00e9morable, mais aussi une exp\u00e9rience de <strong><a href=\"https:\/\/www.abidcars.com\/\">location de voiture au Maroc<\/a><\/strong> inoubliable, notamment avec <strong>Abid Cars<\/strong>. Dans cet article, nous explorerons les raisons pour lesquelles la <strong>CAN 2025<\/strong> au Maroc promet d&rsquo;\u00eatre un tournoi exceptionnel et comment<strong> Abid Cars<\/strong> peut faciliter la <strong>location de voiture \u00e0 Casablanca<\/strong>, <strong>Tanger<\/strong>, <strong>Agadir<\/strong>, <strong>Rabat<\/strong>, <strong>Marrakech<\/strong>, et d&rsquo;autres destinations.<\/p>\n\n\n\n<h2 class=\"wp-block-heading\">Histoire de la Coupe de l&rsquo;Afrique des Nations<\/h2>\n\n\n\n<p>La <strong>Coupe de l&rsquo;Afrique des Nations<\/strong> a une longue histoire riche qui remonte \u00e0 1957, ann\u00e9e de la premi\u00e8re \u00e9dition du tournoi. Depuis lors, la CAN a \u00e9volu\u00e9 pour devenir un \u00e9v\u00e9nement majeur dans le monde du football. Les \u00e9quipes nationales d&rsquo;Afrique se battent pour la gloire continentale, et la comp\u00e9tition a produit des moments m\u00e9morables et des talents exceptionnels qui ont marqu\u00e9 l&rsquo;histoire du football mondial.<\/p>\n\n\n\n<p>Le Maroc a d\u00e9j\u00e0 accueilli la CAN \u00e0 quatre reprises, en 1980, 1988, 2004 et 2015. Le pays a montr\u00e9 sa capacit\u00e9 \u00e0 organiser des tournois de grande envergure avec succ\u00e8s. En 1988, le Maroc a remport\u00e9 le titre de la CAN \u00e0 domicile, ce qui montre sa force en tant qu&rsquo;\u00e9quipe nationale et sa capacit\u00e9 \u00e0 offrir une exp\u00e9rience de tournoi exceptionnelle aux \u00e9quipes participantes et aux supporters.<\/p>\n\n\n\n<h2 class=\"wp-block-heading\">Pourquoi le Maroc a \u00e9t\u00e9 choisi pour la CAN 2025 ?<\/h2>\n\n\n\n<p>Le choix du Maroc pour accueillir la <strong>CAN 2025<\/strong> n&rsquo;est pas une surprise, compte tenu de l&rsquo;histoire du pays en mati\u00e8re d&rsquo;organisation d&rsquo;\u00e9v\u00e9nements sportifs majeurs. Le Maroc est largement reconnu pour ses infrastructures de classe mondiale, sa stabilit\u00e9 politique et sa situation g\u00e9ographique favorable. Voici quelques raisons pour lesquelles le Maroc a \u00e9t\u00e9 choisi comme h\u00f4te de la <strong>CAN 2025<\/strong> :<\/p>\n\n\n\n<p><strong>1. Infrastructures de qualit\u00e9 :<\/strong> Le Maroc dispose d&rsquo;infrastructures de classe internationale, y compris des stades modernes, des h\u00f4tels de qualit\u00e9, des routes bien entretenues et des a\u00e9roports bien connect\u00e9s. Ces installations sont essentielles pour accueillir un tournoi de cette envergure et garantir le confort des \u00e9quipes et des supporters.<\/p>\n\n\n\n<p><strong>2. Stabilit\u00e9 politique :<\/strong> Le Maroc est un pays politiquement stable, ce qui est essentiel pour la r\u00e9ussite d&rsquo;un \u00e9v\u00e9nement sportif de cette envergure. La stabilit\u00e9 politique contribue \u00e0 la s\u00e9curit\u00e9 et \u00e0 la s\u00e9r\u00e9nit\u00e9 des \u00e9quipes et des supporters qui participent \u00e0 la comp\u00e9tition.<\/p>\n\n\n\n<p><strong>3. Situation g\u00e9ographique strat\u00e9gique :<\/strong> Le Maroc est situ\u00e9 \u00e0 la crois\u00e9e de l&rsquo;Afrique du Nord et de l&rsquo;Europe, ce qui en fait un point de convergence id\u00e9al pour les \u00e9quipes et les supporters du continent africain et d&rsquo;ailleurs. Les liaisons a\u00e9riennes et terrestres faciles d&rsquo;acc\u00e8s rendent le pays accessible \u00e0 tous.<\/p>\n\n\n\n<p><strong>4. Passion pour le football :<\/strong> Le Maroc est un pays passionn\u00e9 par le football. Les Marocains soutiennent fervemment leur \u00e9quipe nationale, et la <strong>CAN 2025<\/strong> sera l&rsquo;occasion pour eux de montrer leur enthousiasme et leur soutien aux \u00e9quipes participantes.<\/p>\n\n\n\n<h2 class=\"wp-block-heading\">Le Maroc se pr\u00e9pare pour la CAN 2025<\/h2>\n\n\n\n<p>Le Maroc se pr\u00e9pare activement pour la CAN 2025, et de nombreuses mesures ont d\u00e9j\u00e0 \u00e9t\u00e9 prises pour garantir le succ\u00e8s de l&rsquo;\u00e9v\u00e9nement. Parmi les pr\u00e9paratifs en cours, on peut citer :<\/p>\n\n\n\n<p><strong>1. R\u00e9novation des stades :<\/strong> Plusieurs stades du pays sont en cours de r\u00e9novation pour r\u00e9pondre aux normes internationales et offrir une exp\u00e9rience optimale aux joueurs et aux supporters. Parmi les stades r\u00e9nov\u00e9s figure le Stade Mohammed V \u00e0 Casablanca, qui devrait \u00eatre l&rsquo;un des principaux sites du tournoi.<\/p>\n\n\n\n<p><strong>2. S\u00e9curit\u00e9 renforc\u00e9e :<\/strong> La s\u00e9curit\u00e9 est une priorit\u00e9 absolue pour le Maroc, et des mesures de s\u00e9curit\u00e9 renforc\u00e9es sont mises en place pour garantir la tranquillit\u00e9 des \u00e9quipes et des supporters. Les autorit\u00e9s travaillent en \u00e9troite collaboration avec les forces de l&rsquo;ordre pour assurer le bon d\u00e9roulement de la comp\u00e9tition.<\/p>\n\n\n\n<p><strong>3. Promotion du tourisme :<\/strong> Le Maroc pr\u00e9voit \u00e9galement de profiter de la <strong>CAN 2025<\/strong> pour promouvoir son industrie touristique. Le pays offre une grande vari\u00e9t\u00e9 de destinations touristiques, allant des villes historiques comme Marrakech et F\u00e8s aux paysages spectaculaires du d\u00e9sert du Sahara. Les supporters sont encourag\u00e9s \u00e0 explorer le pays et \u00e0 d\u00e9couvrir sa culture riche.<\/p>\n\n\n\n<p><strong>4. Implication de la communaut\u00e9 locale :<\/strong> Les communaut\u00e9s locales sont \u00e9galement impliqu\u00e9es dans la pr\u00e9paration de la <strong>CAN 2025<\/strong>. Des programmes de sensibilisation sont mis en place pour encourager la participation de la population locale et renforcer le sentiment d&rsquo;appartenance \u00e0 l&rsquo;\u00e9v\u00e9nement.<\/p>\n\n\n\n<h2 class=\"wp-block-heading\">La CAN 2025 avec Abid Cars : La Facilit\u00e9 de la Location de Voiture au Maroc<\/h2>\n\n\n\n<p>Pour les supporters et les \u00e9quipes qui souhaitent explorer le Maroc pendant la <strong>CAN 2025<\/strong>, la location de voiture est une option id\u00e9ale. <strong>Abid Cars<\/strong>, une soci\u00e9t\u00e9 de location de voitures r\u00e9put\u00e9e, offre des services de <strong>location de voiture \u00e0 Casablanca<\/strong>, Tanger, Agadir, Rabat, Marrakech, et dans de nombreuses autres destinations du Maroc. Avec une flotte de v\u00e9hicules modernes et bien entretenus, <strong>Abid Cars<\/strong> garantit un moyen de transport fiable et pratique pour se d\u00e9placer dans tout le pays.<\/p>\n\n\n\n<p>Que vous souhaitiez vous rendre aux stades pour assister aux matches, explorer les sites touristiques marocains, ou simplement profiter de la flexibilit\u00e9 qu&rsquo;offre une <strong>voiture de location<\/strong>, <strong>Abid Cars<\/strong> est l\u00e0 pour r\u00e9pondre \u00e0 vos besoins. Le processus de location est simple, et l&rsquo;\u00e9quipe d&rsquo;<strong>Abid Cars<\/strong> est \u00e0 votre disposition pour vous assister \u00e0 chaque \u00e9tape de votre voyage.<\/p>\n\n\n\n<h2 class=\"wp-block-heading\">Les favoris de la CAN 2025<\/h2>\n\n\n\n<p>La <strong>CAN 2025<\/strong> promet d&rsquo;\u00eatre une comp\u00e9tition f\u00e9roce, avec de nombreuses \u00e9quipes nationales africaines talentueuses cherchant \u00e0 remporter le troph\u00e9e. Bien qu&rsquo;il soit difficile de pr\u00e9dire avec certitude les favoris, certaines \u00e9quipes se d\u00e9marquent par leur performance r\u00e9cente et leur historique dans la comp\u00e9tition. Parmi les \u00e9quipes qui pourraient \u00eatre consid\u00e9r\u00e9es comme des favoris potentiels, on peut citer :<\/p>\n\n\n\n<p><strong>1. Le Maroc :<\/strong> En tant qu&rsquo;\u00e9quipe h\u00f4te, le Maroc aura un avantage certain en termes de soutien de la foule et de familiarit\u00e9 avec les conditions locales. De plus, l&rsquo;\u00e9quipe nationale marocaine a montr\u00e9 sa comp\u00e9titivit\u00e9 ces derni\u00e8res ann\u00e9es, ce qui en fait un candidat s\u00e9rieux pour le titre.<\/p>\n\n\n\n<p><strong>2. L&rsquo;\u00c9gypte <\/strong>: L&rsquo;\u00c9gypte est l&rsquo;une des \u00e9quipes les plus titr\u00e9es de l&rsquo;histoire de la CAN. Avec une tradition de succ\u00e8s dans le tournoi, l&rsquo;\u00c9gypte sera certainement l&rsquo;une des \u00e9quipes \u00e0 surveiller en 2025.<\/p>\n\n\n\n<p><strong>3. Le Nigeria :<\/strong> Le Nigeria est une autre puissance du football africain, avec un historique impressionnant en Coupe d&rsquo;Afrique des Nations. L&rsquo;\u00e9quipe nig\u00e9riane est toujours une candidate s\u00e9rieuse au titre.<\/p>\n\n\n\n<p><strong>4. Le S\u00e9n\u00e9gal :<\/strong> Le S\u00e9n\u00e9gal est une \u00e9quipe en pleine croissance et a atteint la finale de la CAN 2019. Avec des joueurs talentueux \u00e9voluant dans les meilleures ligues europ\u00e9ennes, le S\u00e9n\u00e9gal pourrait cr\u00e9er la surprise en 2025.<\/p>\n\n\n\n<h2 class=\"wp-block-heading\">Conclusion<\/h2>\n\n\n\n<p>La <strong>Coupe de l&rsquo;Afrique des Nations 2025<\/strong> au Maroc promet d&rsquo;\u00eatre un \u00e9v\u00e9nement exceptionnel pour les amateurs de football du monde entier. Le Maroc a \u00e9t\u00e9 choisi comme h\u00f4te en raison de ses infrastructures de qualit\u00e9, de sa stabilit\u00e9 politique et de sa passion pour le football. Les pr\u00e9paratifs sont en cours pour garantir la r\u00e9ussite de la comp\u00e9tition, et de nombreuses \u00e9quipes talentueuses se disputeront le prestigieux troph\u00e9e. Les supporters peuvent s&rsquo;attendre \u00e0 des moments inoubliables, \u00e0 des matches palpitants, \u00e0 une immersion dans la culture marocaine, et \u00e0 une exp\u00e9rience de <strong>location de voiture au Maroc<\/strong> inoubliable gr\u00e2ce \u00e0 <strong>Abid Cars<\/strong>. La <strong>CAN 2025<\/strong> s&rsquo;annonce comme une c\u00e9l\u00e9bration du football africain, de la diversit\u00e9 culturelle, et de la passion des supporters.<\/p>\n","protected":false},"excerpt":{"rendered":"<p>La Coupe de l&rsquo;Afrique des Nations (CAN) est l&rsquo;un des tournois de [&hellip;]<\/p>\n","protected":false},"author":7,"featured_media":1166,"comment_status":"open","ping_status":"open","sticky":false,"template":"","format":"standard","meta":{"footnotes":""},"categories":[96,97,44,26,2,45,98,22,103,99],"tags":[],"class_list":["post-1165","post","type-post","status-publish","format-standard","has-post-thumbnail","hentry","category-agadir","category-casablanca","category-divers","category-fes","category-fr","category-maroc","category-marrakech","category-rabat","category-rabat-2","category-tanger"],"yoast_head":"<!-- This site is optimized with the Yoast SEO plugin v27.4 - https:\/\/yoast.com\/product\/yoast-seo-wordpress\/ -->\n<title>La Coupe de l&#039;Afrique des Nations 2025 au Maroc : Une f\u00eate du football et de la Location de Voiture avec Abid Cars - Abid Cars Blog<\/title>\n<meta name=\"description\" content=\"D\u00e9couvrez la CAN 2025 au Maroc, avec Abid Cars pour une location de voiture pratique. Suivez le jeu, explorez le Maroc!\" \/>\n<meta name=\"robots\" content=\"index, follow, max-snippet:-1, max-image-preview:large, max-video-preview:-1\" \/>\n<link rel=\"canonical\" href=\"https:\/\/www.abidcars.com\/blog\/la-coupe-de-lafrique-des-nations-2025-au-maroc-une-fete-du-football-et-de-la-location-de-voiture-avec-abid-cars\/\" \/>\n<meta property=\"og:locale\" content=\"fr_FR\" \/>\n<meta property=\"og:type\" content=\"article\" \/>\n<meta property=\"og:title\" content=\"La Coupe de l&#039;Afrique des Nations 2025 au Maroc : Une f\u00eate du football et de la Location de Voiture avec Abid Cars - Abid Cars Blog\" \/>\n<meta property=\"og:description\" content=\"D\u00e9couvrez la CAN 2025 au Maroc, avec Abid Cars pour une location de voiture pratique. Suivez le jeu, explorez le Maroc!\" \/>\n<meta property=\"og:url\" content=\"https:\/\/www.abidcars.com\/blog\/la-coupe-de-lafrique-des-nations-2025-au-maroc-une-fete-du-football-et-de-la-location-de-voiture-avec-abid-cars\/\" \/>\n<meta property=\"og:site_name\" content=\"Abid Cars Blog\" \/>\n<meta property=\"article:publisher\" content=\"https:\/\/www.facebook.com\/pages\/Abid-Cars-Location-de-voitures-au-Maroc-Car-rental-in-Morocco\/413704925369982\" \/>\n<meta property=\"article:published_time\" content=\"2023-11-01T14:12:31+00:00\" \/>\n<meta property=\"article:modified_time\" content=\"2023-11-13T11:33:07+00:00\" \/>\n<meta property=\"og:image\" content=\"https:\/\/www.abidcars.com\/blog\/wp-content\/uploads\/2023\/11\/Arib-Cars-CAN-2025.jpg\" \/>\n\t<meta property=\"og:image:width\" content=\"650\" \/>\n\t<meta property=\"og:image:height\" content=\"650\" \/>\n\t<meta property=\"og:image:type\" content=\"image\/jpeg\" \/>\n<meta name=\"author\" content=\"Abdelfattah\" \/>\n<meta name=\"twitter:card\" content=\"summary_large_image\" \/>\n<meta name=\"twitter:creator\" content=\"@ABIDCARS\" \/>\n<meta name=\"twitter:site\" content=\"@ABIDCARS\" \/>\n<meta name=\"twitter:label1\" content=\"\u00c9crit par\" \/>\n\t<meta name=\"twitter:data1\" content=\"Abdelfattah\" \/>\n\t<meta name=\"twitter:label2\" content=\"Dur\u00e9e de lecture estim\u00e9e\" \/>\n\t<meta name=\"twitter:data2\" content=\"7 minutes\" \/>\n<script type=\"application\/ld+json\" class=\"yoast-schema-graph\">{\"@context\":\"https:\\\/\\\/schema.org\",\"@graph\":[{\"@type\":\"Article\",\"@id\":\"https:\\\/\\\/www.abidcars.com\\\/blog\\\/la-coupe-de-lafrique-des-nations-2025-au-maroc-une-fete-du-football-et-de-la-location-de-voiture-avec-abid-cars\\\/#article\",\"isPartOf\":{\"@id\":\"https:\\\/\\\/www.abidcars.com\\\/blog\\\/la-coupe-de-lafrique-des-nations-2025-au-maroc-une-fete-du-football-et-de-la-location-de-voiture-avec-abid-cars\\\/\"},\"author\":{\"name\":\"Abdelfattah\",\"@id\":\"https:\\\/\\\/www.abidcars.com\\\/blog\\\/#\\\/schema\\\/person\\\/d475f925a381ead288b0eb44b145f8e8\"},\"headline\":\"La Coupe de l&rsquo;Afrique des Nations 2025 au Maroc : Une f\u00eate du football et de la Location de Voiture avec Abid Cars\",\"datePublished\":\"2023-11-01T14:12:31+00:00\",\"dateModified\":\"2023-11-13T11:33:07+00:00\",\"mainEntityOfPage\":{\"@id\":\"https:\\\/\\\/www.abidcars.com\\\/blog\\\/la-coupe-de-lafrique-des-nations-2025-au-maroc-une-fete-du-football-et-de-la-location-de-voiture-avec-abid-cars\\\/\"},\"wordCount\":1374,\"commentCount\":0,\"publisher\":{\"@id\":\"https:\\\/\\\/www.abidcars.com\\\/blog\\\/#organization\"},\"image\":{\"@id\":\"https:\\\/\\\/www.abidcars.com\\\/blog\\\/la-coupe-de-lafrique-des-nations-2025-au-maroc-une-fete-du-football-et-de-la-location-de-voiture-avec-abid-cars\\\/#primaryimage\"},\"thumbnailUrl\":\"https:\\\/\\\/www.abidcars.com\\\/blog\\\/wp-content\\\/uploads\\\/2023\\\/11\\\/Arib-Cars-CAN-2025.jpg\",\"articleSection\":[\"Agadir\",\"Casablanca\",\"Divers\",\"F\u00e8s\",\"Fran\u00e7ais\",\"Maroc\",\"Marrakech\",\"Rabat\",\"Rabat\",\"Tanger\"],\"inLanguage\":\"fr-FR\",\"potentialAction\":[{\"@type\":\"CommentAction\",\"name\":\"Comment\",\"target\":[\"https:\\\/\\\/www.abidcars.com\\\/blog\\\/la-coupe-de-lafrique-des-nations-2025-au-maroc-une-fete-du-football-et-de-la-location-de-voiture-avec-abid-cars\\\/#respond\"]}]},{\"@type\":\"WebPage\",\"@id\":\"https:\\\/\\\/www.abidcars.com\\\/blog\\\/la-coupe-de-lafrique-des-nations-2025-au-maroc-une-fete-du-football-et-de-la-location-de-voiture-avec-abid-cars\\\/\",\"url\":\"https:\\\/\\\/www.abidcars.com\\\/blog\\\/la-coupe-de-lafrique-des-nations-2025-au-maroc-une-fete-du-football-et-de-la-location-de-voiture-avec-abid-cars\\\/\",\"name\":\"La Coupe de l'Afrique des Nations 2025 au Maroc : Une f\u00eate du football et de la Location de Voiture avec Abid Cars - Abid Cars Blog\",\"isPartOf\":{\"@id\":\"https:\\\/\\\/www.abidcars.com\\\/blog\\\/#website\"},\"primaryImageOfPage\":{\"@id\":\"https:\\\/\\\/www.abidcars.com\\\/blog\\\/la-coupe-de-lafrique-des-nations-2025-au-maroc-une-fete-du-football-et-de-la-location-de-voiture-avec-abid-cars\\\/#primaryimage\"},\"image\":{\"@id\":\"https:\\\/\\\/www.abidcars.com\\\/blog\\\/la-coupe-de-lafrique-des-nations-2025-au-maroc-une-fete-du-football-et-de-la-location-de-voiture-avec-abid-cars\\\/#primaryimage\"},\"thumbnailUrl\":\"https:\\\/\\\/www.abidcars.com\\\/blog\\\/wp-content\\\/uploads\\\/2023\\\/11\\\/Arib-Cars-CAN-2025.jpg\",\"datePublished\":\"2023-11-01T14:12:31+00:00\",\"dateModified\":\"2023-11-13T11:33:07+00:00\",\"description\":\"D\u00e9couvrez la CAN 2025 au Maroc, avec Abid Cars pour une location de voiture pratique. Suivez le jeu, explorez le Maroc!\",\"breadcrumb\":{\"@id\":\"https:\\\/\\\/www.abidcars.com\\\/blog\\\/la-coupe-de-lafrique-des-nations-2025-au-maroc-une-fete-du-football-et-de-la-location-de-voiture-avec-abid-cars\\\/#breadcrumb\"},\"inLanguage\":\"fr-FR\",\"potentialAction\":[{\"@type\":\"ReadAction\",\"target\":[\"https:\\\/\\\/www.abidcars.com\\\/blog\\\/la-coupe-de-lafrique-des-nations-2025-au-maroc-une-fete-du-football-et-de-la-location-de-voiture-avec-abid-cars\\\/\"]}]},{\"@type\":\"ImageObject\",\"inLanguage\":\"fr-FR\",\"@id\":\"https:\\\/\\\/www.abidcars.com\\\/blog\\\/la-coupe-de-lafrique-des-nations-2025-au-maroc-une-fete-du-football-et-de-la-location-de-voiture-avec-abid-cars\\\/#primaryimage\",\"url\":\"https:\\\/\\\/www.abidcars.com\\\/blog\\\/wp-content\\\/uploads\\\/2023\\\/11\\\/Arib-Cars-CAN-2025.jpg\",\"contentUrl\":\"https:\\\/\\\/www.abidcars.com\\\/blog\\\/wp-content\\\/uploads\\\/2023\\\/11\\\/Arib-Cars-CAN-2025.jpg\",\"width\":650,\"height\":650,\"caption\":\"CAN 2025\"},{\"@type\":\"BreadcrumbList\",\"@id\":\"https:\\\/\\\/www.abidcars.com\\\/blog\\\/la-coupe-de-lafrique-des-nations-2025-au-maroc-une-fete-du-football-et-de-la-location-de-voiture-avec-abid-cars\\\/#breadcrumb\",\"itemListElement\":[{\"@type\":\"ListItem\",\"position\":1,\"name\":\"Blog\",\"item\":\"https:\\\/\\\/www.abidcars.com\\\/blog\\\/\"},{\"@type\":\"ListItem\",\"position\":2,\"name\":\"La Coupe de l&rsquo;Afrique des Nations 2025 au Maroc : Une f\u00eate du football et de la Location de Voiture avec Abid Cars\"}]},{\"@type\":\"WebSite\",\"@id\":\"https:\\\/\\\/www.abidcars.com\\\/blog\\\/#website\",\"url\":\"https:\\\/\\\/www.abidcars.com\\\/blog\\\/\",\"name\":\"Abid Cars Blog\",\"description\":\"Blog th\u00e9matique sur le Maroc, les voitures et la location des voitures au Maroc\",\"publisher\":{\"@id\":\"https:\\\/\\\/www.abidcars.com\\\/blog\\\/#organization\"},\"potentialAction\":[{\"@type\":\"SearchAction\",\"target\":{\"@type\":\"EntryPoint\",\"urlTemplate\":\"https:\\\/\\\/www.abidcars.com\\\/blog\\\/?s={search_term_string}\"},\"query-input\":{\"@type\":\"PropertyValueSpecification\",\"valueRequired\":true,\"valueName\":\"search_term_string\"}}],\"inLanguage\":\"fr-FR\"},{\"@type\":\"Organization\",\"@id\":\"https:\\\/\\\/www.abidcars.com\\\/blog\\\/#organization\",\"name\":\"Abid Cars Blog\",\"url\":\"https:\\\/\\\/www.abidcars.com\\\/blog\\\/\",\"logo\":{\"@type\":\"ImageObject\",\"inLanguage\":\"fr-FR\",\"@id\":\"https:\\\/\\\/www.abidcars.com\\\/blog\\\/#\\\/schema\\\/logo\\\/image\\\/\",\"url\":\"https:\\\/\\\/www.abidcars.com\\\/blog\\\/wp-content\\\/uploads\\\/2016\\\/05\\\/annif-logo-en.png\",\"contentUrl\":\"https:\\\/\\\/www.abidcars.com\\\/blog\\\/wp-content\\\/uploads\\\/2016\\\/05\\\/annif-logo-en.png\",\"width\":446,\"height\":133,\"caption\":\"Abid Cars Blog\"},\"image\":{\"@id\":\"https:\\\/\\\/www.abidcars.com\\\/blog\\\/#\\\/schema\\\/logo\\\/image\\\/\"},\"sameAs\":[\"https:\\\/\\\/www.facebook.com\\\/pages\\\/Abid-Cars-Location-de-voitures-au-Maroc-Car-rental-in-Morocco\\\/413704925369982\",\"https:\\\/\\\/x.com\\\/ABIDCARS\"]},{\"@type\":\"Person\",\"@id\":\"https:\\\/\\\/www.abidcars.com\\\/blog\\\/#\\\/schema\\\/person\\\/d475f925a381ead288b0eb44b145f8e8\",\"name\":\"Abdelfattah\",\"image\":{\"@type\":\"ImageObject\",\"inLanguage\":\"fr-FR\",\"@id\":\"https:\\\/\\\/secure.gravatar.com\\\/avatar\\\/bd23cf0a0a3f76f543db86841c253e0696b7e64d54aefdcde941371b70335f5d?s=96&d=initials&r=g&initials=sa\",\"url\":\"https:\\\/\\\/secure.gravatar.com\\\/avatar\\\/bd23cf0a0a3f76f543db86841c253e0696b7e64d54aefdcde941371b70335f5d?s=96&d=initials&r=g&initials=sa\",\"contentUrl\":\"https:\\\/\\\/secure.gravatar.com\\\/avatar\\\/bd23cf0a0a3f76f543db86841c253e0696b7e64d54aefdcde941371b70335f5d?s=96&d=initials&r=g&initials=sa\",\"caption\":\"Abdelfattah\"},\"sameAs\":[\"https:\\\/\\\/www.t-t.ma\"],\"url\":\"https:\\\/\\\/www.abidcars.com\\\/blog\\\/author\\\/s-abdelfattah\\\/\"}]}<\/script>\n<!-- \/ Yoast SEO plugin. -->","yoast_head_json":{"title":"La Coupe de l'Afrique des Nations 2025 au Maroc : Une f\u00eate du football et de la Location de Voiture avec Abid Cars - Abid Cars Blog","description":"D\u00e9couvrez la CAN 2025 au Maroc, avec Abid Cars pour une location de voiture pratique. Suivez le jeu, explorez le Maroc!","robots":{"index":"index","follow":"follow","max-snippet":"max-snippet:-1","max-image-preview":"max-image-preview:large","max-video-preview":"max-video-preview:-1"},"canonical":"https:\/\/www.abidcars.com\/blog\/la-coupe-de-lafrique-des-nations-2025-au-maroc-une-fete-du-football-et-de-la-location-de-voiture-avec-abid-cars\/","og_locale":"fr_FR","og_type":"article","og_title":"La Coupe de l'Afrique des Nations 2025 au Maroc : Une f\u00eate du football et de la Location de Voiture avec Abid Cars - Abid Cars Blog","og_description":"D\u00e9couvrez la CAN 2025 au Maroc, avec Abid Cars pour une location de voiture pratique. Suivez le jeu, explorez le Maroc!","og_url":"https:\/\/www.abidcars.com\/blog\/la-coupe-de-lafrique-des-nations-2025-au-maroc-une-fete-du-football-et-de-la-location-de-voiture-avec-abid-cars\/","og_site_name":"Abid Cars Blog","article_publisher":"https:\/\/www.facebook.com\/pages\/Abid-Cars-Location-de-voitures-au-Maroc-Car-rental-in-Morocco\/413704925369982","article_published_time":"2023-11-01T14:12:31+00:00","article_modified_time":"2023-11-13T11:33:07+00:00","og_image":[{"width":650,"height":650,"url":"https:\/\/www.abidcars.com\/blog\/wp-content\/uploads\/2023\/11\/Arib-Cars-CAN-2025.jpg","type":"image\/jpeg"}],"author":"Abdelfattah","twitter_card":"summary_large_image","twitter_creator":"@ABIDCARS","twitter_site":"@ABIDCARS","twitter_misc":{"\u00c9crit par":"Abdelfattah","Dur\u00e9e de lecture estim\u00e9e":"7 minutes"},"schema":{"@context":"https:\/\/schema.org","@graph":[{"@type":"Article","@id":"https:\/\/www.abidcars.com\/blog\/la-coupe-de-lafrique-des-nations-2025-au-maroc-une-fete-du-football-et-de-la-location-de-voiture-avec-abid-cars\/#article","isPartOf":{"@id":"https:\/\/www.abidcars.com\/blog\/la-coupe-de-lafrique-des-nations-2025-au-maroc-une-fete-du-football-et-de-la-location-de-voiture-avec-abid-cars\/"},"author":{"name":"Abdelfattah","@id":"https:\/\/www.abidcars.com\/blog\/#\/schema\/person\/d475f925a381ead288b0eb44b145f8e8"},"headline":"La Coupe de l&rsquo;Afrique des Nations 2025 au Maroc : Une f\u00eate du football et de la Location de Voiture avec Abid Cars","datePublished":"2023-11-01T14:12:31+00:00","dateModified":"2023-11-13T11:33:07+00:00","mainEntityOfPage":{"@id":"https:\/\/www.abidcars.com\/blog\/la-coupe-de-lafrique-des-nations-2025-au-maroc-une-fete-du-football-et-de-la-location-de-voiture-avec-abid-cars\/"},"wordCount":1374,"commentCount":0,"publisher":{"@id":"https:\/\/www.abidcars.com\/blog\/#organization"},"image":{"@id":"https:\/\/www.abidcars.com\/blog\/la-coupe-de-lafrique-des-nations-2025-au-maroc-une-fete-du-football-et-de-la-location-de-voiture-avec-abid-cars\/#primaryimage"},"thumbnailUrl":"https:\/\/www.abidcars.com\/blog\/wp-content\/uploads\/2023\/11\/Arib-Cars-CAN-2025.jpg","articleSection":["Agadir","Casablanca","Divers","F\u00e8s","Fran\u00e7ais","Maroc","Marrakech","Rabat","Rabat","Tanger"],"inLanguage":"fr-FR","potentialAction":[{"@type":"CommentAction","name":"Comment","target":["https:\/\/www.abidcars.com\/blog\/la-coupe-de-lafrique-des-nations-2025-au-maroc-une-fete-du-football-et-de-la-location-de-voiture-avec-abid-cars\/#respond"]}]},{"@type":"WebPage","@id":"https:\/\/www.abidcars.com\/blog\/la-coupe-de-lafrique-des-nations-2025-au-maroc-une-fete-du-football-et-de-la-location-de-voiture-avec-abid-cars\/","url":"https:\/\/www.abidcars.com\/blog\/la-coupe-de-lafrique-des-nations-2025-au-maroc-une-fete-du-football-et-de-la-location-de-voiture-avec-abid-cars\/","name":"La Coupe de l'Afrique des Nations 2025 au Maroc : Une f\u00eate du football et de la Location de Voiture avec Abid Cars - Abid Cars Blog","isPartOf":{"@id":"https:\/\/www.abidcars.com\/blog\/#website"},"primaryImageOfPage":{"@id":"https:\/\/www.abidcars.com\/blog\/la-coupe-de-lafrique-des-nations-2025-au-maroc-une-fete-du-football-et-de-la-location-de-voiture-avec-abid-cars\/#primaryimage"},"image":{"@id":"https:\/\/www.abidcars.com\/blog\/la-coupe-de-lafrique-des-nations-2025-au-maroc-une-fete-du-football-et-de-la-location-de-voiture-avec-abid-cars\/#primaryimage"},"thumbnailUrl":"https:\/\/www.abidcars.com\/blog\/wp-content\/uploads\/2023\/11\/Arib-Cars-CAN-2025.jpg","datePublished":"2023-11-01T14:12:31+00:00","dateModified":"2023-11-13T11:33:07+00:00","description":"D\u00e9couvrez la CAN 2025 au Maroc, avec Abid Cars pour une location de voiture pratique. Suivez le jeu, explorez le Maroc!","breadcrumb":{"@id":"https:\/\/www.abidcars.com\/blog\/la-coupe-de-lafrique-des-nations-2025-au-maroc-une-fete-du-football-et-de-la-location-de-voiture-avec-abid-cars\/#breadcrumb"},"inLanguage":"fr-FR","potentialAction":[{"@type":"ReadAction","target":["https:\/\/www.abidcars.com\/blog\/la-coupe-de-lafrique-des-nations-2025-au-maroc-une-fete-du-football-et-de-la-location-de-voiture-avec-abid-cars\/"]}]},{"@type":"ImageObject","inLanguage":"fr-FR","@id":"https:\/\/www.abidcars.com\/blog\/la-coupe-de-lafrique-des-nations-2025-au-maroc-une-fete-du-football-et-de-la-location-de-voiture-avec-abid-cars\/#primaryimage","url":"https:\/\/www.abidcars.com\/blog\/wp-content\/uploads\/2023\/11\/Arib-Cars-CAN-2025.jpg","contentUrl":"https:\/\/www.abidcars.com\/blog\/wp-content\/uploads\/2023\/11\/Arib-Cars-CAN-2025.jpg","width":650,"height":650,"caption":"CAN 2025"},{"@type":"BreadcrumbList","@id":"https:\/\/www.abidcars.com\/blog\/la-coupe-de-lafrique-des-nations-2025-au-maroc-une-fete-du-football-et-de-la-location-de-voiture-avec-abid-cars\/#breadcrumb","itemListElement":[{"@type":"ListItem","position":1,"name":"Blog","item":"https:\/\/www.abidcars.com\/blog\/"},{"@type":"ListItem","position":2,"name":"La Coupe de l&rsquo;Afrique des Nations 2025 au Maroc : Une f\u00eate du football et de la Location de Voiture avec Abid Cars"}]},{"@type":"WebSite","@id":"https:\/\/www.abidcars.com\/blog\/#website","url":"https:\/\/www.abidcars.com\/blog\/","name":"Abid Cars Blog","description":"Blog th\u00e9matique sur le Maroc, les voitures et la location des voitures au Maroc","publisher":{"@id":"https:\/\/www.abidcars.com\/blog\/#organization"},"potentialAction":[{"@type":"SearchAction","target":{"@type":"EntryPoint","urlTemplate":"https:\/\/www.abidcars.com\/blog\/?s={search_term_string}"},"query-input":{"@type":"PropertyValueSpecification","valueRequired":true,"valueName":"search_term_string"}}],"inLanguage":"fr-FR"},{"@type":"Organization","@id":"https:\/\/www.abidcars.com\/blog\/#organization","name":"Abid Cars Blog","url":"https:\/\/www.abidcars.com\/blog\/","logo":{"@type":"ImageObject","inLanguage":"fr-FR","@id":"https:\/\/www.abidcars.com\/blog\/#\/schema\/logo\/image\/","url":"https:\/\/www.abidcars.com\/blog\/wp-content\/uploads\/2016\/05\/annif-logo-en.png","contentUrl":"https:\/\/www.abidcars.com\/blog\/wp-content\/uploads\/2016\/05\/annif-logo-en.png","width":446,"height":133,"caption":"Abid Cars Blog"},"image":{"@id":"https:\/\/www.abidcars.com\/blog\/#\/schema\/logo\/image\/"},"sameAs":["https:\/\/www.facebook.com\/pages\/Abid-Cars-Location-de-voitures-au-Maroc-Car-rental-in-Morocco\/413704925369982","https:\/\/x.com\/ABIDCARS"]},{"@type":"Person","@id":"https:\/\/www.abidcars.com\/blog\/#\/schema\/person\/d475f925a381ead288b0eb44b145f8e8","name":"Abdelfattah","image":{"@type":"ImageObject","inLanguage":"fr-FR","@id":"https:\/\/secure.gravatar.com\/avatar\/bd23cf0a0a3f76f543db86841c253e0696b7e64d54aefdcde941371b70335f5d?s=96&d=initials&r=g&initials=sa","url":"https:\/\/secure.gravatar.com\/avatar\/bd23cf0a0a3f76f543db86841c253e0696b7e64d54aefdcde941371b70335f5d?s=96&d=initials&r=g&initials=sa","contentUrl":"https:\/\/secure.gravatar.com\/avatar\/bd23cf0a0a3f76f543db86841c253e0696b7e64d54aefdcde941371b70335f5d?s=96&d=initials&r=g&initials=sa","caption":"Abdelfattah"},"sameAs":["https:\/\/www.t-t.ma"],"url":"https:\/\/www.abidcars.com\/blog\/author\/s-abdelfattah\/"}]}},"amp_enabled":true,"_links":{"self":[{"href":"https:\/\/www.abidcars.com\/blog\/wp-json\/wp\/v2\/posts\/1165","targetHints":{"allow":["GET"]}}],"collection":[{"href":"https:\/\/www.abidcars.com\/blog\/wp-json\/wp\/v2\/posts"}],"about":[{"href":"https:\/\/www.abidcars.com\/blog\/wp-json\/wp\/v2\/types\/post"}],"author":[{"embeddable":true,"href":"https:\/\/www.abidcars.com\/blog\/wp-json\/wp\/v2\/users\/7"}],"replies":[{"embeddable":true,"href":"https:\/\/www.abidcars.com\/blog\/wp-json\/wp\/v2\/comments?post=1165"}],"version-history":[{"count":1,"href":"https:\/\/www.abidcars.com\/blog\/wp-json\/wp\/v2\/posts\/1165\/revisions"}],"predecessor-version":[{"id":1167,"href":"https:\/\/www.abidcars.com\/blog\/wp-json\/wp\/v2\/posts\/1165\/revisions\/1167"}],"wp:featuredmedia":[{"embeddable":true,"href":"https:\/\/www.abidcars.com\/blog\/wp-json\/wp\/v2\/media\/1166"}],"wp:attachment":[{"href":"https:\/\/www.abidcars.com\/blog\/wp-json\/wp\/v2\/media?parent=1165"}],"wp:term":[{"taxonomy":"category","embeddable":true,"href":"https:\/\/www.abidcars.com\/blog\/wp-json\/wp\/v2\/categories?post=1165"},{"taxonomy":"post_tag","embeddable":true,"href":"https:\/\/www.abidcars.com\/blog\/wp-json\/wp\/v2\/tags?post=1165"}],"curies":[{"name":"wp","href":"https:\/\/api.w.org\/{rel}","templated":true}]}}