{"id":1018,"date":"2016-05-26T17:14:11","date_gmt":"2016-05-26T16:14:11","guid":{"rendered":"https:\/\/www.abidcars.com\/blog\/?p=1018"},"modified":"2016-05-27T09:21:08","modified_gmt":"2016-05-27T08:21:08","slug":"20-ans-de-location-de-voitures-a-prix-reduit","status":"publish","type":"post","link":"https:\/\/www.abidcars.com\/blog\/20-ans-de-location-de-voitures-a-prix-reduit\/","title":{"rendered":"20 ans de location de voitures \u00e0 prix r\u00e9duit"},"content":{"rendered":"<p style=\"text-align: justify;\"><img loading=\"lazy\" decoding=\"async\" class=\"size-full wp-image-1021 aligncenter\" src=\"https:\/\/www.abidcars.com\/blog\/wp-content\/uploads\/2016\/05\/annif-logo-en.png\" alt=\"annif-logo-en\" width=\"446\" height=\"133\" srcset=\"https:\/\/www.abidcars.com\/blog\/wp-content\/uploads\/2016\/05\/annif-logo-en.png 446w, https:\/\/www.abidcars.com\/blog\/wp-content\/uploads\/2016\/05\/annif-logo-en-300x89.png 300w\" sizes=\"auto, (max-width: 446px) 100vw, 446px\" \/><\/p>\n<p style=\"text-align: justify;\">Fond\u00e9e par Abid Sellam Rhaouti en 1996 \u00e0 Agadir, \u00a0Abid Cars est une soci\u00e9t\u00e9 de location de voitures destin\u00e9e aux voyageurs qui veulent de bonnes voitures \u00e0 des prix bas.<\/p>\n<p style=\"text-align: justify;\"><span style=\"font-weight: 400;\">Avec d&rsquo;autres concurrents sur l&rsquo;a\u00e9roport qui demandent beaucoup d&rsquo;argent, en op\u00e9rant hors de l&rsquo;a\u00e9roport et en offrant des tarifs plus avantageux que ses concurrents sur les a\u00e9roports, \u00a0Abid Cars a pris sa place dans le march\u00e9 de la location de voitures.<\/span><\/p>\n<p style=\"text-align: justify;\">Abid Cars a commenc\u00e9 comme une petite entreprise. Avec l&rsquo;effort, le d\u00e9vouement et la fid\u00e9lit\u00e9 de nos clients, notre parc automobile n\u2019a pas arr\u00eat\u00e9 de grandir. Aujourd&rsquo;hui, Abid Cars c\u00e9l\u00e8bre ses 20 ans avec une flotte de voitures tr\u00e8s bien entretenues et tr\u00e8s vari\u00e9es. Nous sommes d\u00e9termin\u00e9s \u00e0 maintenir notre objectif, nous voulons aider les visiteurs du Maroc \u00e0 se sentir chez eux, \u00eatre \u00e0 l&rsquo;aise et en s\u00e9curit\u00e9 pendant leurs vacances.<\/p>\n<p style=\"text-align: justify;\">Abid Cars a grandi pour devenir l&rsquo;une des meilleures compagnies de location de voitures au Maroc, ayant des agences dans 6 des villes les plus importantes du pays : Agadir, Marrakech, Rabat, Casablanca, Tanger et F\u00e8s.<\/p>\n<p style=\"text-align: justify;\">Abid Cars a continu\u00e9 \u00e0 rester fid\u00e8le \u00e0 son nom, en fournissant des locations de voitures avec le meilleur rapport qualit\u00e9\/prix.<\/p>\n<p style=\"text-align: justify;\">Abid Cars offre aux voyageurs au Maroc un large \u00e9ventail de v\u00e9hicules bien entretenus, des derniers mod\u00e8les de marques bien connues, y compris Mitsubishi, Mercedes et Volkswagen. Les voyageurs peuvent choisir parmi les classes de v\u00e9hicules qui vont des \u00e9conomiques \u00e0 des minibus. Ils peuvent profiter du service de haute qualit\u00e9 d\u2019 Abid Cars, comme la location courte et longue dur\u00e9e, le transfert a\u00e9roport, l\u2019assurance et beaucoup d\u2019autres avantages et options gratuites.<\/p>\n<p style=\"text-align: justify;\">Nous vous remercions pour votre confiance et votre fid\u00e9lit\u00e9, et nous vous promettons de continuer \u00e0 vous fournir le meilleur service au meilleur prix.<\/p>\n","protected":false},"excerpt":{"rendered":"<p>Fond\u00e9e par Abid Sellam Rhaouti en 1996 \u00e0 Agadir, \u00a0Abid Cars est [&hellip;]<\/p>\n","protected":false},"author":4,"featured_media":1020,"comment_status":"open","ping_status":"open","sticky":false,"template":"","format":"standard","meta":{"footnotes":""},"categories":[96,97,44,26,2,98,22,99],"tags":[],"class_list":["post-1018","post","type-post","status-publish","format-standard","has-post-thumbnail","hentry","category-agadir","category-casablanca","category-divers","category-fes","category-fr","category-marrakech","category-rabat","category-tanger"],"yoast_head":"<!-- This site is optimized with the Yoast SEO plugin v27.4 - https:\/\/yoast.com\/product\/yoast-seo-wordpress\/ -->\n<title>20 ans de location de voitures \u00e0 prix r\u00e9duit - Abid Cars Blog<\/title>\n<meta name=\"description\" content=\"Fond\u00e9e par Abid Sellam Rhaouti en 1996 \u00e0 Agadir, Abid Cars est une soci\u00e9t\u00e9 de location de voitures destin\u00e9e aux voyageurs qui veulent de bonnes voitures ...\" \/>\n<meta name=\"robots\" content=\"index, follow, max-snippet:-1, max-image-preview:large, max-video-preview:-1\" \/>\n<link rel=\"canonical\" href=\"https:\/\/www.abidcars.com\/blog\/20-ans-de-location-de-voitures-a-prix-reduit\/\" \/>\n<meta property=\"og:locale\" content=\"fr_FR\" \/>\n<meta property=\"og:type\" content=\"article\" \/>\n<meta property=\"og:title\" content=\"20 ans de location de voitures \u00e0 prix r\u00e9duit - Abid Cars Blog\" \/>\n<meta property=\"og:description\" content=\"Fond\u00e9e par Abid Sellam Rhaouti en 1996 \u00e0 Agadir, Abid Cars est une soci\u00e9t\u00e9 de location de voitures destin\u00e9e aux voyageurs qui veulent de bonnes voitures ...\" \/>\n<meta property=\"og:url\" content=\"https:\/\/www.abidcars.com\/blog\/20-ans-de-location-de-voitures-a-prix-reduit\/\" \/>\n<meta property=\"og:site_name\" content=\"Abid Cars Blog\" \/>\n<meta property=\"article:publisher\" content=\"https:\/\/www.facebook.com\/pages\/Abid-Cars-Location-de-voitures-au-Maroc-Car-rental-in-Morocco\/413704925369982\" \/>\n<meta property=\"article:published_time\" content=\"2016-05-26T16:14:11+00:00\" \/>\n<meta property=\"article:modified_time\" content=\"2016-05-27T08:21:08+00:00\" \/>\n<meta property=\"og:image\" content=\"https:\/\/www.abidcars.com\/blog\/wp-content\/uploads\/2016\/05\/bann.jpg\" \/>\n\t<meta property=\"og:image:width\" content=\"1500\" \/>\n\t<meta property=\"og:image:height\" content=\"800\" \/>\n\t<meta property=\"og:image:type\" content=\"image\/jpeg\" \/>\n<meta name=\"author\" content=\"Mariam\" \/>\n<meta name=\"twitter:card\" content=\"summary_large_image\" \/>\n<meta name=\"twitter:creator\" content=\"@ABIDCARS\" \/>\n<meta name=\"twitter:site\" content=\"@ABIDCARS\" \/>\n<meta name=\"twitter:label1\" content=\"\u00c9crit par\" \/>\n\t<meta name=\"twitter:data1\" content=\"Mariam\" \/>\n\t<meta name=\"twitter:label2\" content=\"Dur\u00e9e de lecture estim\u00e9e\" \/>\n\t<meta name=\"twitter:data2\" content=\"2 minutes\" \/>\n<script type=\"application\/ld+json\" class=\"yoast-schema-graph\">{\"@context\":\"https:\\\/\\\/schema.org\",\"@graph\":[{\"@type\":\"Article\",\"@id\":\"https:\\\/\\\/www.abidcars.com\\\/blog\\\/20-ans-de-location-de-voitures-a-prix-reduit\\\/#article\",\"isPartOf\":{\"@id\":\"https:\\\/\\\/www.abidcars.com\\\/blog\\\/20-ans-de-location-de-voitures-a-prix-reduit\\\/\"},\"author\":{\"name\":\"Mariam\",\"@id\":\"https:\\\/\\\/www.abidcars.com\\\/blog\\\/#\\\/schema\\\/person\\\/fcbbcbcc98a6e3007072f0bec6e75937\"},\"headline\":\"20 ans de location de voitures \u00e0 prix r\u00e9duit\",\"datePublished\":\"2016-05-26T16:14:11+00:00\",\"dateModified\":\"2016-05-27T08:21:08+00:00\",\"mainEntityOfPage\":{\"@id\":\"https:\\\/\\\/www.abidcars.com\\\/blog\\\/20-ans-de-location-de-voitures-a-prix-reduit\\\/\"},\"wordCount\":329,\"commentCount\":1,\"publisher\":{\"@id\":\"https:\\\/\\\/www.abidcars.com\\\/blog\\\/#organization\"},\"image\":{\"@id\":\"https:\\\/\\\/www.abidcars.com\\\/blog\\\/20-ans-de-location-de-voitures-a-prix-reduit\\\/#primaryimage\"},\"thumbnailUrl\":\"https:\\\/\\\/www.abidcars.com\\\/blog\\\/wp-content\\\/uploads\\\/2016\\\/05\\\/bann.jpg\",\"articleSection\":[\"Agadir\",\"Casablanca\",\"Divers\",\"F\u00e8s\",\"Fran\u00e7ais\",\"Marrakech\",\"Rabat\",\"Tanger\"],\"inLanguage\":\"fr-FR\",\"potentialAction\":[{\"@type\":\"CommentAction\",\"name\":\"Comment\",\"target\":[\"https:\\\/\\\/www.abidcars.com\\\/blog\\\/20-ans-de-location-de-voitures-a-prix-reduit\\\/#respond\"]}]},{\"@type\":\"WebPage\",\"@id\":\"https:\\\/\\\/www.abidcars.com\\\/blog\\\/20-ans-de-location-de-voitures-a-prix-reduit\\\/\",\"url\":\"https:\\\/\\\/www.abidcars.com\\\/blog\\\/20-ans-de-location-de-voitures-a-prix-reduit\\\/\",\"name\":\"20 ans de location de voitures \u00e0 prix r\u00e9duit - Abid Cars Blog\",\"isPartOf\":{\"@id\":\"https:\\\/\\\/www.abidcars.com\\\/blog\\\/#website\"},\"primaryImageOfPage\":{\"@id\":\"https:\\\/\\\/www.abidcars.com\\\/blog\\\/20-ans-de-location-de-voitures-a-prix-reduit\\\/#primaryimage\"},\"image\":{\"@id\":\"https:\\\/\\\/www.abidcars.com\\\/blog\\\/20-ans-de-location-de-voitures-a-prix-reduit\\\/#primaryimage\"},\"thumbnailUrl\":\"https:\\\/\\\/www.abidcars.com\\\/blog\\\/wp-content\\\/uploads\\\/2016\\\/05\\\/bann.jpg\",\"datePublished\":\"2016-05-26T16:14:11+00:00\",\"dateModified\":\"2016-05-27T08:21:08+00:00\",\"description\":\"Fond\u00e9e par Abid Sellam Rhaouti en 1996 \u00e0 Agadir, Abid Cars est une soci\u00e9t\u00e9 de location de voitures destin\u00e9e aux voyageurs qui veulent de bonnes voitures ...\",\"breadcrumb\":{\"@id\":\"https:\\\/\\\/www.abidcars.com\\\/blog\\\/20-ans-de-location-de-voitures-a-prix-reduit\\\/#breadcrumb\"},\"inLanguage\":\"fr-FR\",\"potentialAction\":[{\"@type\":\"ReadAction\",\"target\":[\"https:\\\/\\\/www.abidcars.com\\\/blog\\\/20-ans-de-location-de-voitures-a-prix-reduit\\\/\"]}]},{\"@type\":\"ImageObject\",\"inLanguage\":\"fr-FR\",\"@id\":\"https:\\\/\\\/www.abidcars.com\\\/blog\\\/20-ans-de-location-de-voitures-a-prix-reduit\\\/#primaryimage\",\"url\":\"https:\\\/\\\/www.abidcars.com\\\/blog\\\/wp-content\\\/uploads\\\/2016\\\/05\\\/bann.jpg\",\"contentUrl\":\"https:\\\/\\\/www.abidcars.com\\\/blog\\\/wp-content\\\/uploads\\\/2016\\\/05\\\/bann.jpg\",\"width\":1500,\"height\":800},{\"@type\":\"BreadcrumbList\",\"@id\":\"https:\\\/\\\/www.abidcars.com\\\/blog\\\/20-ans-de-location-de-voitures-a-prix-reduit\\\/#breadcrumb\",\"itemListElement\":[{\"@type\":\"ListItem\",\"position\":1,\"name\":\"Blog\",\"item\":\"https:\\\/\\\/www.abidcars.com\\\/blog\\\/\"},{\"@type\":\"ListItem\",\"position\":2,\"name\":\"20 ans de location de voitures \u00e0 prix r\u00e9duit\"}]},{\"@type\":\"WebSite\",\"@id\":\"https:\\\/\\\/www.abidcars.com\\\/blog\\\/#website\",\"url\":\"https:\\\/\\\/www.abidcars.com\\\/blog\\\/\",\"name\":\"Abid Cars Blog\",\"description\":\"Blog th\u00e9matique sur le Maroc, les voitures et la location des voitures au Maroc\",\"publisher\":{\"@id\":\"https:\\\/\\\/www.abidcars.com\\\/blog\\\/#organization\"},\"potentialAction\":[{\"@type\":\"SearchAction\",\"target\":{\"@type\":\"EntryPoint\",\"urlTemplate\":\"https:\\\/\\\/www.abidcars.com\\\/blog\\\/?s={search_term_string}\"},\"query-input\":{\"@type\":\"PropertyValueSpecification\",\"valueRequired\":true,\"valueName\":\"search_term_string\"}}],\"inLanguage\":\"fr-FR\"},{\"@type\":\"Organization\",\"@id\":\"https:\\\/\\\/www.abidcars.com\\\/blog\\\/#organization\",\"name\":\"Abid Cars Blog\",\"url\":\"https:\\\/\\\/www.abidcars.com\\\/blog\\\/\",\"logo\":{\"@type\":\"ImageObject\",\"inLanguage\":\"fr-FR\",\"@id\":\"https:\\\/\\\/www.abidcars.com\\\/blog\\\/#\\\/schema\\\/logo\\\/image\\\/\",\"url\":\"https:\\\/\\\/www.abidcars.com\\\/blog\\\/wp-content\\\/uploads\\\/2016\\\/05\\\/annif-logo-en.png\",\"contentUrl\":\"https:\\\/\\\/www.abidcars.com\\\/blog\\\/wp-content\\\/uploads\\\/2016\\\/05\\\/annif-logo-en.png\",\"width\":446,\"height\":133,\"caption\":\"Abid Cars Blog\"},\"image\":{\"@id\":\"https:\\\/\\\/www.abidcars.com\\\/blog\\\/#\\\/schema\\\/logo\\\/image\\\/\"},\"sameAs\":[\"https:\\\/\\\/www.facebook.com\\\/pages\\\/Abid-Cars-Location-de-voitures-au-Maroc-Car-rental-in-Morocco\\\/413704925369982\",\"https:\\\/\\\/x.com\\\/ABIDCARS\"]},{\"@type\":\"Person\",\"@id\":\"https:\\\/\\\/www.abidcars.com\\\/blog\\\/#\\\/schema\\\/person\\\/fcbbcbcc98a6e3007072f0bec6e75937\",\"name\":\"Mariam\",\"image\":{\"@type\":\"ImageObject\",\"inLanguage\":\"fr-FR\",\"@id\":\"https:\\\/\\\/secure.gravatar.com\\\/avatar\\\/6672d7c09d7ea789b57671810e6b3885117a7589638e50bde15fe09967b9f4b5?s=96&d=initials&r=g&initials=it\",\"url\":\"https:\\\/\\\/secure.gravatar.com\\\/avatar\\\/6672d7c09d7ea789b57671810e6b3885117a7589638e50bde15fe09967b9f4b5?s=96&d=initials&r=g&initials=it\",\"contentUrl\":\"https:\\\/\\\/secure.gravatar.com\\\/avatar\\\/6672d7c09d7ea789b57671810e6b3885117a7589638e50bde15fe09967b9f4b5?s=96&d=initials&r=g&initials=it\",\"caption\":\"Mariam\"},\"sameAs\":[\"http:\\\/\\\/www.t-t.ma\"],\"url\":\"https:\\\/\\\/www.abidcars.com\\\/blog\\\/author\\\/mzk-mariam\\\/\"}]}<\/script>\n<!-- \/ Yoast SEO plugin. -->","yoast_head_json":{"title":"20 ans de location de voitures \u00e0 prix r\u00e9duit - Abid Cars Blog","description":"Fond\u00e9e par Abid Sellam Rhaouti en 1996 \u00e0 Agadir, Abid Cars est une soci\u00e9t\u00e9 de location de voitures destin\u00e9e aux voyageurs qui veulent de bonnes voitures ...","robots":{"index":"index","follow":"follow","max-snippet":"max-snippet:-1","max-image-preview":"max-image-preview:large","max-video-preview":"max-video-preview:-1"},"canonical":"https:\/\/www.abidcars.com\/blog\/20-ans-de-location-de-voitures-a-prix-reduit\/","og_locale":"fr_FR","og_type":"article","og_title":"20 ans de location de voitures \u00e0 prix r\u00e9duit - Abid Cars Blog","og_description":"Fond\u00e9e par Abid Sellam Rhaouti en 1996 \u00e0 Agadir, Abid Cars est une soci\u00e9t\u00e9 de location de voitures destin\u00e9e aux voyageurs qui veulent de bonnes voitures ...","og_url":"https:\/\/www.abidcars.com\/blog\/20-ans-de-location-de-voitures-a-prix-reduit\/","og_site_name":"Abid Cars Blog","article_publisher":"https:\/\/www.facebook.com\/pages\/Abid-Cars-Location-de-voitures-au-Maroc-Car-rental-in-Morocco\/413704925369982","article_published_time":"2016-05-26T16:14:11+00:00","article_modified_time":"2016-05-27T08:21:08+00:00","og_image":[{"width":1500,"height":800,"url":"https:\/\/www.abidcars.com\/blog\/wp-content\/uploads\/2016\/05\/bann.jpg","type":"image\/jpeg"}],"author":"Mariam","twitter_card":"summary_large_image","twitter_creator":"@ABIDCARS","twitter_site":"@ABIDCARS","twitter_misc":{"\u00c9crit par":"Mariam","Dur\u00e9e de lecture estim\u00e9e":"2 minutes"},"schema":{"@context":"https:\/\/schema.org","@graph":[{"@type":"Article","@id":"https:\/\/www.abidcars.com\/blog\/20-ans-de-location-de-voitures-a-prix-reduit\/#article","isPartOf":{"@id":"https:\/\/www.abidcars.com\/blog\/20-ans-de-location-de-voitures-a-prix-reduit\/"},"author":{"name":"Mariam","@id":"https:\/\/www.abidcars.com\/blog\/#\/schema\/person\/fcbbcbcc98a6e3007072f0bec6e75937"},"headline":"20 ans de location de voitures \u00e0 prix r\u00e9duit","datePublished":"2016-05-26T16:14:11+00:00","dateModified":"2016-05-27T08:21:08+00:00","mainEntityOfPage":{"@id":"https:\/\/www.abidcars.com\/blog\/20-ans-de-location-de-voitures-a-prix-reduit\/"},"wordCount":329,"commentCount":1,"publisher":{"@id":"https:\/\/www.abidcars.com\/blog\/#organization"},"image":{"@id":"https:\/\/www.abidcars.com\/blog\/20-ans-de-location-de-voitures-a-prix-reduit\/#primaryimage"},"thumbnailUrl":"https:\/\/www.abidcars.com\/blog\/wp-content\/uploads\/2016\/05\/bann.jpg","articleSection":["Agadir","Casablanca","Divers","F\u00e8s","Fran\u00e7ais","Marrakech","Rabat","Tanger"],"inLanguage":"fr-FR","potentialAction":[{"@type":"CommentAction","name":"Comment","target":["https:\/\/www.abidcars.com\/blog\/20-ans-de-location-de-voitures-a-prix-reduit\/#respond"]}]},{"@type":"WebPage","@id":"https:\/\/www.abidcars.com\/blog\/20-ans-de-location-de-voitures-a-prix-reduit\/","url":"https:\/\/www.abidcars.com\/blog\/20-ans-de-location-de-voitures-a-prix-reduit\/","name":"20 ans de location de voitures \u00e0 prix r\u00e9duit - Abid Cars Blog","isPartOf":{"@id":"https:\/\/www.abidcars.com\/blog\/#website"},"primaryImageOfPage":{"@id":"https:\/\/www.abidcars.com\/blog\/20-ans-de-location-de-voitures-a-prix-reduit\/#primaryimage"},"image":{"@id":"https:\/\/www.abidcars.com\/blog\/20-ans-de-location-de-voitures-a-prix-reduit\/#primaryimage"},"thumbnailUrl":"https:\/\/www.abidcars.com\/blog\/wp-content\/uploads\/2016\/05\/bann.jpg","datePublished":"2016-05-26T16:14:11+00:00","dateModified":"2016-05-27T08:21:08+00:00","description":"Fond\u00e9e par Abid Sellam Rhaouti en 1996 \u00e0 Agadir, Abid Cars est une soci\u00e9t\u00e9 de location de voitures destin\u00e9e aux voyageurs qui veulent de bonnes voitures ...","breadcrumb":{"@id":"https:\/\/www.abidcars.com\/blog\/20-ans-de-location-de-voitures-a-prix-reduit\/#breadcrumb"},"inLanguage":"fr-FR","potentialAction":[{"@type":"ReadAction","target":["https:\/\/www.abidcars.com\/blog\/20-ans-de-location-de-voitures-a-prix-reduit\/"]}]},{"@type":"ImageObject","inLanguage":"fr-FR","@id":"https:\/\/www.abidcars.com\/blog\/20-ans-de-location-de-voitures-a-prix-reduit\/#primaryimage","url":"https:\/\/www.abidcars.com\/blog\/wp-content\/uploads\/2016\/05\/bann.jpg","contentUrl":"https:\/\/www.abidcars.com\/blog\/wp-content\/uploads\/2016\/05\/bann.jpg","width":1500,"height":800},{"@type":"BreadcrumbList","@id":"https:\/\/www.abidcars.com\/blog\/20-ans-de-location-de-voitures-a-prix-reduit\/#breadcrumb","itemListElement":[{"@type":"ListItem","position":1,"name":"Blog","item":"https:\/\/www.abidcars.com\/blog\/"},{"@type":"ListItem","position":2,"name":"20 ans de location de voitures \u00e0 prix r\u00e9duit"}]},{"@type":"WebSite","@id":"https:\/\/www.abidcars.com\/blog\/#website","url":"https:\/\/www.abidcars.com\/blog\/","name":"Abid Cars Blog","description":"Blog th\u00e9matique sur le Maroc, les voitures et la location des voitures au Maroc","publisher":{"@id":"https:\/\/www.abidcars.com\/blog\/#organization"},"potentialAction":[{"@type":"SearchAction","target":{"@type":"EntryPoint","urlTemplate":"https:\/\/www.abidcars.com\/blog\/?s={search_term_string}"},"query-input":{"@type":"PropertyValueSpecification","valueRequired":true,"valueName":"search_term_string"}}],"inLanguage":"fr-FR"},{"@type":"Organization","@id":"https:\/\/www.abidcars.com\/blog\/#organization","name":"Abid Cars Blog","url":"https:\/\/www.abidcars.com\/blog\/","logo":{"@type":"ImageObject","inLanguage":"fr-FR","@id":"https:\/\/www.abidcars.com\/blog\/#\/schema\/logo\/image\/","url":"https:\/\/www.abidcars.com\/blog\/wp-content\/uploads\/2016\/05\/annif-logo-en.png","contentUrl":"https:\/\/www.abidcars.com\/blog\/wp-content\/uploads\/2016\/05\/annif-logo-en.png","width":446,"height":133,"caption":"Abid Cars Blog"},"image":{"@id":"https:\/\/www.abidcars.com\/blog\/#\/schema\/logo\/image\/"},"sameAs":["https:\/\/www.facebook.com\/pages\/Abid-Cars-Location-de-voitures-au-Maroc-Car-rental-in-Morocco\/413704925369982","https:\/\/x.com\/ABIDCARS"]},{"@type":"Person","@id":"https:\/\/www.abidcars.com\/blog\/#\/schema\/person\/fcbbcbcc98a6e3007072f0bec6e75937","name":"Mariam","image":{"@type":"ImageObject","inLanguage":"fr-FR","@id":"https:\/\/secure.gravatar.com\/avatar\/6672d7c09d7ea789b57671810e6b3885117a7589638e50bde15fe09967b9f4b5?s=96&d=initials&r=g&initials=it","url":"https:\/\/secure.gravatar.com\/avatar\/6672d7c09d7ea789b57671810e6b3885117a7589638e50bde15fe09967b9f4b5?s=96&d=initials&r=g&initials=it","contentUrl":"https:\/\/secure.gravatar.com\/avatar\/6672d7c09d7ea789b57671810e6b3885117a7589638e50bde15fe09967b9f4b5?s=96&d=initials&r=g&initials=it","caption":"Mariam"},"sameAs":["http:\/\/www.t-t.ma"],"url":"https:\/\/www.abidcars.com\/blog\/author\/mzk-mariam\/"}]}},"amp_enabled":true,"_links":{"self":[{"href":"https:\/\/www.abidcars.com\/blog\/wp-json\/wp\/v2\/posts\/1018","targetHints":{"allow":["GET"]}}],"collection":[{"href":"https:\/\/www.abidcars.com\/blog\/wp-json\/wp\/v2\/posts"}],"about":[{"href":"https:\/\/www.abidcars.com\/blog\/wp-json\/wp\/v2\/types\/post"}],"author":[{"embeddable":true,"href":"https:\/\/www.abidcars.com\/blog\/wp-json\/wp\/v2\/users\/4"}],"replies":[{"embeddable":true,"href":"https:\/\/www.abidcars.com\/blog\/wp-json\/wp\/v2\/comments?post=1018"}],"version-history":[{"count":7,"href":"https:\/\/www.abidcars.com\/blog\/wp-json\/wp\/v2\/posts\/1018\/revisions"}],"predecessor-version":[{"id":1027,"href":"https:\/\/www.abidcars.com\/blog\/wp-json\/wp\/v2\/posts\/1018\/revisions\/1027"}],"wp:featuredmedia":[{"embeddable":true,"href":"https:\/\/www.abidcars.com\/blog\/wp-json\/wp\/v2\/media\/1020"}],"wp:attachment":[{"href":"https:\/\/www.abidcars.com\/blog\/wp-json\/wp\/v2\/media?parent=1018"}],"wp:term":[{"taxonomy":"category","embeddable":true,"href":"https:\/\/www.abidcars.com\/blog\/wp-json\/wp\/v2\/categories?post=1018"},{"taxonomy":"post_tag","embeddable":true,"href":"https:\/\/www.abidcars.com\/blog\/wp-json\/wp\/v2\/tags?post=1018"}],"curies":[{"name":"wp","href":"https:\/\/api.w.org\/{rel}","templated":true}]}}